{"id":9041,"date":"2024-05-28T09:22:11","date_gmt":"2024-05-28T07:22:11","guid":{"rendered":"https:\/\/ambmaputo.esteri.it\/?p=9041"},"modified":"2024-05-28T09:29:57","modified_gmt":"2024-05-28T07:29:57","slug":"aumento-do-valor-das-taxas-de-visto-schengen-a-partir-de-11-de-junho-de-2024","status":"publish","type":"post","link":"https:\/\/ambmaputo.esteri.it\/pt-pt\/news\/dall_ambasciata\/2024\/05\/aumento-do-valor-das-taxas-de-visto-schengen-a-partir-de-11-de-junho-de-2024\/","title":{"rendered":"Aumento do valor das taxas de visto Schengen a partir de 11 de junho de 2024"},"content":{"rendered":"<p>Informamos os nossos utilizadores que, na sequ\u00eancia da publica\u00e7\u00e3o do Regulamento Delegado da Comiss\u00e3o Europeia n. 2024\/1415 de 14\/03\/2024, os valores das taxas do visto Schengen foram alterados.<\/p>\n<p>A nova reda\u00e7\u00e3o do artigo 16\u00ba prev\u00ea um aumento das taxas de visto de 80 para <strong>90 euros<\/strong>.<\/p>\n<p>Para candidatos com idade igual ou superior a seis anos e menores de doze anos, a taxa passa de 40 para <strong>45 euros<\/strong>, permanecendo gratuita para candidatos com idade entre 0 e 6 anos (menores de seis anos).<\/p>\n<p>Os novos valores em euros entrar\u00e3o em vigor a partir das 00h01 do dia <strong>11 de junho de 2024<\/strong>.<\/p>\n","protected":false},"excerpt":{"rendered":"Informamos os nossos utilizadores que, na sequ\u00eancia da publica\u00e7\u00e3o do Regulamento Delegado da Comiss\u00e3o Europeia n. 2024\/1415 de 14\/03\/2024, os valores das taxas do visto Schengen foram alterados. A nova reda\u00e7\u00e3o do artigo 16\u00ba prev\u00ea um aumento das taxas de visto de 80 para 90 euros. Para candidatos com idade igual ou superior a seis [&hellip;]","protected":false},"author":4,"featured_media":9044,"comment_status":"closed","ping_status":"closed","sticky":false,"template":"","format":"standard","meta":{"footnotes":""},"tags":[],"class_list":["post-9041","post","type-post","status-publish","format-standard","has-post-thumbnail","hentry"],"_links":{"self":[{"href":"https:\/\/ambmaputo.esteri.it\/pt-pt\/wp-json\/wp\/v2\/posts\/9041","targetHints":{"allow":["GET"]}}],"collection":[{"href":"https:\/\/ambmaputo.esteri.it\/pt-pt\/wp-json\/wp\/v2\/posts"}],"about":[{"href":"https:\/\/ambmaputo.esteri.it\/pt-pt\/wp-json\/wp\/v2\/types\/post"}],"author":[{"embeddable":true,"href":"https:\/\/ambmaputo.esteri.it\/pt-pt\/wp-json\/wp\/v2\/users\/4"}],"replies":[{"embeddable":true,"href":"https:\/\/ambmaputo.esteri.it\/pt-pt\/wp-json\/wp\/v2\/comments?post=9041"}],"version-history":[{"count":1,"href":"https:\/\/ambmaputo.esteri.it\/pt-pt\/wp-json\/wp\/v2\/posts\/9041\/revisions"}],"predecessor-version":[{"id":9043,"href":"https:\/\/ambmaputo.esteri.it\/pt-pt\/wp-json\/wp\/v2\/posts\/9041\/revisions\/9043"}],"wp:featuredmedia":[{"embeddable":true,"href":"https:\/\/ambmaputo.esteri.it\/pt-pt\/wp-json\/wp\/v2\/media\/9044"}],"wp:attachment":[{"href":"https:\/\/ambmaputo.esteri.it\/pt-pt\/wp-json\/wp\/v2\/media?parent=9041"}],"wp:term":[{"taxonomy":"post_tag","embeddable":true,"href":"https:\/\/ambmaputo.esteri.it\/pt-pt\/wp-json\/wp\/v2\/tags?post=9041"}],"curies":[{"name":"wp","href":"https:\/\/api.w.org\/{rel}","templated":true}]}}