{"id":7591,"date":"2015-02-24T08:55:03","date_gmt":"2015-02-24T06:55:03","guid":{"rendered":"https:\/\/ambmaputo.esteri.it\/news\/dall_ambasciata\/2015\/02\/solicitacao-ong\/"},"modified":"2015-02-24T08:55:03","modified_gmt":"2015-02-24T06:55:03","slug":"solicitacao-ong","status":"publish","type":"post","link":"https:\/\/ambmaputo.esteri.it\/pt-pt\/news\/dall_ambasciata\/2015\/02\/solicitacao-ong\/","title":{"rendered":"SOLICITA\u00c7\u00c3O DE PROPOSTAS \u2013 Programa de Apoio aos Projectos Comunit\u00e1rios"},"content":{"rendered":"<p><P style=\"\"MARGIN: 0cm 0cm 0pt\"\" class=\"\"MsoNormal\"\"><B style=\"\"mso-bidi-font-weight: normal\"\"><SPAN style=\"\"mso-ansi-language: PT\"\" lang=\"\"PT\"\"><FONT size=\"\"3\"\"><FONT face=\"\"Calibri\"\"><FONT color=\"\"#000000\"\">A Embaixada da It\u00e1lia em Maputo <?xml:namespace prefix = \"\"o\"\" ns = \"\"urn:schemas-microsoft-com:office:office\"\" \/><o:p><\/o:p><\/FONT><\/FONT><\/FONT><\/SPAN><\/B><\/P><P style=\"\"TEXT-ALIGN: justify; MARGIN: 0cm 0cm 0pt\"\" class=\"\"MsoNormal\"\"><SPAN style=\"\"mso-ansi-language: PT\"\" lang=\"\"PT\"\"><FONT size=\"\"3\"\"><FONT face=\"\"Calibri\"\"><FONT color=\"\"#000000\"\">Atrav\u00e9s do Gabinete da Coopera\u00e7\u00e3o Italiana lan\u00e7a, no \u00e2mbito do <B style=\"\"mso-bidi-font-weight: normal\"\">Programa de Apoio aos Projectos Comunit\u00e1rios, <\/B>um concurso para o financiamento de projectos. <o:p><\/o:p><\/FONT><\/FONT><\/FONT><\/SPAN><\/P><br \/>\n<P style=\"\"TEXT-ALIGN: justify; MARGIN: 0cm 0cm 0pt\"\" class=\"\"MsoNormal\"\"><SPAN style=\"\"mso-ansi-language: PT\"\" lang=\"\"PT\"\"><o:p><FONT color=\"\"#000000\"\" size=\"\"3\"\" face=\"\"Calibri\"\">\u00a0<\/FONT><\/o:p><\/SPAN><\/P><br \/>\n<P style=\"\"TEXT-ALIGN: justify; MARGIN: 0cm 0cm 0pt\"\" class=\"\"MsoNormal\"\"><SPAN style=\"\"mso-ansi-language: PT\"\" lang=\"\"PT\"\"><FONT size=\"\"3\"\"><FONT face=\"\"Calibri\"\"><FONT color=\"\"#000000\"\">Os Projectos dever\u00e3o responder a <B style=\"\"mso-bidi-font-weight: normal\"\">duas necessidades<\/B>:<o:p><\/o:p><\/FONT><\/FONT><\/FONT><\/SPAN><\/P><br \/>\n<P style=\"\"TEXT-ALIGN: justify; TEXT-INDENT: -18pt; MARGIN: 0cm 0cm 0pt 36pt; mso-add-space: auto; mso-list: l0 level1 lfo1\"\" class=\"\"MsoListParagraphCxSpFirst\"\"><FONT color=\"\"#000000\"\"><SPAN style=\"\"mso-ansi-language: PT; mso-bidi-font-family: Calibri; mso-bidi-theme-font: minor-latin\"\" lang=\"\"PT\"\"><SPAN style=\"\"mso-list: Ignore\"\"><FONT size=\"\"3\"\" face=\"\"Calibri\"\">1.<\/FONT><SPAN style=\"\"FONT: 7pt 'Times New Roman'\"\">\u00a0\u00a0\u00a0\u00a0\u00a0\u00a0 <\/SPAN><\/SPAN><\/SPAN><SPAN style=\"\"mso-ansi-language: PT\"\" lang=\"\"PT\"\"><FONT size=\"\"3\"\"><FONT face=\"\"Calibri\"\">Fornecer os recursos financeiros para a implementa\u00e7\u00e3o de projectos que visam atender as necessidades de desenvolvimento das comunidades nas \u00e1reas da <B style=\"\"mso-bidi-font-weight: normal\"\">Educa\u00e7\u00e3o<\/B>, <B style=\"\"mso-bidi-font-weight: normal\"\">Sa\u00fade <\/B>e<B style=\"\"mso-bidi-font-weight: normal\"\"> Saneamento<\/B>;<B style=\"\"mso-bidi-font-weight: normal\"\"><o:p><\/o:p><\/B><\/FONT><\/FONT><\/SPAN><\/FONT><\/P><br \/>\n<P style=\"\"TEXT-ALIGN: justify; TEXT-INDENT: -18pt; MARGIN: 0cm 0cm 0pt 36pt; mso-add-space: auto; mso-list: l0 level1 lfo1\"\" class=\"\"MsoListParagraphCxSpLast\"\"><FONT color=\"\"#000000\"\"><SPAN style=\"\"mso-ansi-language: PT; mso-bidi-font-family: Calibri; mso-bidi-theme-font: minor-latin\"\" lang=\"\"PT\"\"><SPAN style=\"\"mso-list: Ignore\"\"><FONT size=\"\"3\"\" face=\"\"Calibri\"\">2.<\/FONT><SPAN style=\"\"FONT: 7pt 'Times New Roman'\"\">\u00a0\u00a0\u00a0\u00a0\u00a0\u00a0 <\/SPAN><\/SPAN><\/SPAN><SPAN style=\"\"mso-ansi-language: PT\"\" lang=\"\"PT\"\"><FONT size=\"\"3\"\"><FONT face=\"\"Calibri\"\">Facilitar a interac\u00e7\u00e3o entre os cidad\u00e3os e as autoridades locais.<o:p><\/o:p><\/FONT><\/FONT><\/SPAN><\/FONT><\/P><br \/>\n<P style=\"\"TEXT-ALIGN: justify; MARGIN: 0cm 0cm 0pt\"\" class=\"\"MsoNormal\"\"><SPAN style=\"\"mso-ansi-language: PT\"\" lang=\"\"PT\"\"><o:p><FONT color=\"\"#000000\"\" size=\"\"3\"\" face=\"\"Calibri\"\">\u00a0<\/FONT><\/o:p><\/SPAN><\/P><br \/>\n<P style=\"\"TEXT-ALIGN: justify; MARGIN: 0cm 0cm 0pt\"\" class=\"\"MsoNormal\"\"><SPAN style=\"\"mso-ansi-language: PT\"\" lang=\"\"PT\"\"><FONT color=\"\"#000000\"\"><FONT size=\"\"3\"\"><FONT face=\"\"Calibri\"\">O valor m\u00e1ximo do financiamento por projecto \u00e9 de <B style=\"\"mso-bidi-font-weight: normal\"\">30.000,00 Euros<\/B>. <o:p><\/o:p><\/FONT><\/FONT><\/FONT><\/SPAN><\/P><br \/>\n<P style=\"\"TEXT-ALIGN: justify; MARGIN: 0cm 0cm 0pt\"\" class=\"\"MsoNormal\"\"><FONT size=\"\"3\"\"><FONT face=\"\"Calibri\"\"><SPAN style=\"\"mso-bidi-font-weight: bold; mso-ansi-language: PT\"\" lang=\"\"PT\"\"><FONT color=\"\"#000000\"\">Os formul\u00e1rios e informa\u00e7\u00f5es da candidatura podem ser recolhidos <\/FONT><\/SPAN><SPAN style=\"\"mso-ansi-language: PT\"\" lang=\"\"PT\"\"><FONT color=\"\"#000000\"\">no fundo desta pagina.<\/FONT><\/SPAN><\/FONT><\/FONT><\/P><br \/>\n<P style=\"\"TEXT-ALIGN: justify; MARGIN: 0cm 0cm 0pt\"\" class=\"\"MsoNormal\"\"><SPAN style=\"\"mso-ansi-language: PT\"\" lang=\"\"PT\"\"><o:p><FONT color=\"\"#000000\"\" size=\"\"3\"\" face=\"\"Calibri\"\">\u00a0<\/FONT><\/o:p><\/SPAN><\/P><br \/>\n<P style=\"\"TEXT-ALIGN: justify; MARGIN: 0cm 0cm 0pt\"\" class=\"\"MsoNormal\"\"><B style=\"\"mso-bidi-font-weight: normal\"\"><SPAN style=\"\"mso-ansi-language: PT\"\" lang=\"\"PT\"\"><o:p><FONT color=\"\"#000000\"\" size=\"\"3\"\" face=\"\"Calibri\"\">\u00a0<\/FONT><\/o:p><\/SPAN><\/B><\/P><br \/>\n<P style=\"\"TEXT-ALIGN: justify; MARGIN: 0cm 0cm 0pt\"\" class=\"\"MsoNormal\"\"><B style=\"\"mso-bidi-font-weight: normal\"\"><SPAN style=\"\"mso-ansi-language: PT\"\" lang=\"\"PT\"\"><o:p><FONT color=\"\"#000000\"\" size=\"\"3\"\" face=\"\"Calibri\"\"><\/FONT><\/o:p><\/SPAN><\/B>\u00a0<\/P><br \/>\n<P style=\"\"TEXT-ALIGN: justify; MARGIN: 0cm 0cm 0pt\"\" class=\"\"MsoNormal\"\"><B style=\"\"mso-bidi-font-weight: normal\"\"><SPAN style=\"\"mso-ansi-language: PT\"\" lang=\"\"PT\"\"><o:p><FONT color=\"\"#000000\"\" size=\"\"3\"\" face=\"\"Calibri\"\"><\/FONT><\/o:p><\/SPAN><\/B>\u00a0<\/P><br \/>\n<P style=\"\"TEXT-ALIGN: center; LINE-HEIGHT: normal; MARGIN: 0cm 0cm 0pt\"\" class=\"\"MsoNormal\"\" align=\"\"center\"\"><FONT color=\"\"#000000\"\"><FONT size=\"\"3\"\"><FONT face=\"\"Calibri\"\"><B style=\"\"mso-bidi-font-weight: normal\"\"><SPAN style=\"\"mso-ansi-language: PT\"\" lang=\"\"PT\"\">AS PROPOSTAS DEVEM SER ENVIADA PARA<\/SPAN><\/B><SPAN style=\"\"mso-ansi-language: PT\"\" lang=\"\"PT\"\"> o <B style=\"\"mso-bidi-font-weight: normal\"\">e-mail<\/B>: <o:p><\/o:p><\/SPAN><\/FONT><\/FONT><\/FONT><\/P><br \/>\n<P style=\"\"TEXT-ALIGN: center; LINE-HEIGHT: normal; MARGIN: 0cm 0cm 0pt\"\" class=\"\"MsoNormal\"\" align=\"\"center\"\"><A href=\"\"mailto:papc.italia@gmail.com\"\"><SPAN style=\"\"mso-ansi-language: PT\"\" lang=\"\"PT\"\"><FONT color=\"\"#0000ff\"\" size=\"\"3\"\" face=\"\"Calibri\"\">papc.italia@gmail.com<\/FONT><\/SPAN><\/A><\/P><br \/>\n<P style=\"\"TEXT-ALIGN: justify; MARGIN: 0cm 0cm 0pt\"\" class=\"\"MsoNormal\"\"><SPAN style=\"\"FONT-FAMILY: 'Verdana','sans-serif'; COLOR: #385268; FONT-SIZE: 8pt; mso-bidi-font-weight: bold\"\">\u00a0\u00a0\u00a0\u00a0\u00a0\u00a0\u00a0\u00a0\u00a0\u00a0\u00a0\u00a0\u00a0\u00a0\u00a0\u00a0\u00a0\u00a0\u00a0\u00a0\u00a0\u00a0\u00a0\u00a0\u00a0\u00a0\u00a0<\/SPAN><SPAN style=\"\"mso-ansi-language: PT\"\" lang=\"\"PT\"\"><FONT size=\"\"3\"\"><FONT color=\"\"#000000\"\"><FONT face=\"\"Calibri\"\">Indicando no assunto \u201c<I style=\"\"mso-bidi-font-style: normal\"\"><U>Nome do Projecto<\/U> \u2013 Programa de apojo aos projectos comunit\u00e1rios<\/I>\u201d.<o:p><\/o:p><\/FONT><\/FONT><\/FONT><\/SPAN><\/P><br \/>\n<P style=\"\"TEXT-ALIGN: center; LINE-HEIGHT: normal; MARGIN: 0cm 0cm 0pt\"\" class=\"\"MsoNormal\"\" align=\"\"center\"\"><B style=\"\"mso-bidi-font-weight: normal\"\"><SPAN style=\"\"mso-ansi-language: PT\"\" lang=\"\"PT\"\"><o:p><FONT color=\"\"#000000\"\" size=\"\"3\"\" face=\"\"Calibri\"\">\u00a0<\/FONT><\/o:p><\/SPAN><\/B><\/P><br \/>\n<P style=\"\"TEXT-ALIGN: center; LINE-HEIGHT: normal; MARGIN: 0cm 0cm 0pt\"\" class=\"\"MsoNormal\"\" align=\"\"center\"\"><B style=\"\"mso-bidi-font-weight: normal\"\"><SPAN style=\"\"mso-ansi-language: PT\"\" lang=\"\"PT\"\"><FONT size=\"\"3\"\"><FONT color=\"\"#000000\"\"><FONT face=\"\"Calibri\"\">Apenas as candidaturas submetidas em formul\u00e1rios de propostas da Coopera\u00e7\u00e3o Italiana ser\u00e3o consideradas.<o:p><\/o:p><\/FONT><\/FONT><\/FONT><\/SPAN><\/B><\/P><br \/>\n<P style=\"\"TEXT-ALIGN: center; LINE-HEIGHT: normal; MARGIN: 0cm 0cm 0pt\"\" class=\"\"MsoNormal\"\" align=\"\"center\"\"><B style=\"\"mso-bidi-font-weight: normal\"\"><SPAN style=\"\"mso-ansi-language: PT\"\" lang=\"\"PT\"\"><o:p><FONT color=\"\"#000000\"\" size=\"\"3\"\" face=\"\"Calibri\"\">\u00a0<\/FONT><\/o:p><\/SPAN><\/B><\/P><br \/>\n<P style=\"\"TEXT-ALIGN: center; LINE-HEIGHT: normal; MARGIN: 0cm 0cm 0pt\"\" class=\"\"MsoNormal\"\" align=\"\"center\"\"><SPAN style=\"\"mso-ansi-language: PT\"\" lang=\"\"PT\"\"><FONT size=\"\"3\"\"><FONT color=\"\"#000000\"\"><FONT face=\"\"Calibri\"\"><STRONG>O PRAZO PARA A ENTREGA DAS PROPOSTAS \u00c9 <U>15 ABRIL<SPAN style=\"\"mso-spacerun: yes\"\">\u00a0 <\/SPAN>DE 2015<\/U><\/STRONG><FONT size=\"\"2\"\"><FONT color=\"\"#385268\"\"><FONT face=\"\"Verdana\"\"> <\/FONT><\/FONT><\/FONT><\/FONT><\/FONT><\/FONT><\/SPAN><\/P><br \/>\n<P style=\"\"TEXT-ALIGN: center; LINE-HEIGHT: normal; MARGIN: 0cm 0cm 0pt\"\" class=\"\"MsoNormal\"\" align=\"\"center\"\"><SPAN style=\"\"mso-ansi-language: PT\"\" lang=\"\"PT\"\"><FONT size=\"\"3\"\"><FONT color=\"\"#000000\"\"><FONT face=\"\"Calibri\"\"><FONT size=\"\"2\"\"><FONT color=\"\"#385268\"\"><FONT face=\"\"Verdana\"\">(para informa\u00e7\u00f5es\u00a0contactar: +258 862595927\u00a0<SPAN style=\"\"mso-spacerun: yes\"\">\u00a0de segunda a sexta<\/SPAN>\u2013feira das 10.00 \u00e0s 12.00h)<\/FONT><\/FONT><\/FONT><\/FONT><\/FONT><\/FONT><\/SPAN><B style=\"\"mso-bidi-font-weight: normal\"\"><SPAN style=\"\"mso-ansi-language: PT\"\" lang=\"\"PT\"\"><U><FONT color=\"\"#000000\"\" size=\"\"3\"\" face=\"\"Calibri\"\"><\/FONT><\/U><\/SPAN><\/B><\/P><SPAN style=\"\"mso-ansi-language: PT\"\" lang=\"\"PT\"\"><br \/>\n<P style=\"\"MARGIN: 0cm 0cm 0pt\"\" class=\"\"MsoNormal\"\"><B style=\"\"mso-bidi-font-weight: normal\"\"><SPAN style=\"\"mso-ansi-language: PT\"\" lang=\"\"PT\"\"><FONT size=\"\"3\"\"><FONT face=\"\"Calibri\"\"><FONT color=\"\"#000000\"\"><\/FONT><\/FONT><\/FONT><\/SPAN><\/B>\u00a0<\/P><br \/>\n<P style=\"\"MARGIN: 0cm 0cm 0pt\"\" class=\"\"MsoNormal\"\"><B style=\"\"mso-bidi-font-weight: normal\"\"><SPAN style=\"\"mso-ansi-language: PT\"\" lang=\"\"PT\"\"><FONT size=\"\"3\"\"><FONT face=\"\"Calibri\"\"><FONT color=\"\"#000000\"\"><\/FONT><\/FONT><\/FONT><\/SPAN><\/B>\u00a0<\/P><br \/>\n<P style=\"\"MARGIN: 0cm 0cm 0pt\"\" class=\"\"MsoNormal\"\"><B style=\"\"mso-bidi-font-weight: normal\"\"><SPAN style=\"\"mso-ansi-language: PT\"\" lang=\"\"PT\"\"><FONT size=\"\"3\"\"><FONT face=\"\"Calibri\"\"><FONT color=\"\"#000000\"\">errata corrige <A href=\"\"\/resource\/2015\/04\/41021_f_AvisoPT.pdf\"\">Convite Participacao<\/A>\u00a0modificado<\/FONT><\/FONT><\/FONT><\/SPAN><\/B><\/P><br \/>\n<P style=\"\"TEXT-ALIGN: justify; MARGIN: 0cm 0cm 0pt\"\" class=\"\"MsoNormal\"\"><SPAN style=\"\"mso-ansi-language: PT\"\" lang=\"\"PT\"\"><o:p><FONT color=\"\"#000000\"\" size=\"\"3\"\" face=\"\"Calibri\"\"><\/FONT><\/o:p><\/SPAN>\u00a0<\/P><br \/>\n<P style=\"\"TEXT-ALIGN: justify; MARGIN: 0cm 0cm 0pt\"\" class=\"\"MsoNormal\"\"><A href=\"\"\/resource\/2015\/02\/40006_f_AnexosPortugues.zip\"\">Anexos &#8211; Portugues<\/A><\/SPAN><\/P><\/p>\n","protected":false},"excerpt":{"rendered":"A Embaixada da It\u00e1lia em Maputo Atrav\u00e9s do Gabinete da Coopera\u00e7\u00e3o Italiana lan\u00e7a, no \u00e2mbito do Programa de Apoio aos Projectos Comunit\u00e1rios, um concurso para o financiamento de projectos. \u00a0 Os Projectos dever\u00e3o responder a duas necessidades: 1.\u00a0\u00a0\u00a0\u00a0\u00a0\u00a0 Fornecer os recursos financeiros para a implementa\u00e7\u00e3o de projectos que visam atender as necessidades de desenvolvimento das [&hellip;]","protected":false},"author":1,"featured_media":0,"comment_status":"","ping_status":"","sticky":false,"template":"","format":"standard","meta":{"footnotes":""},"tags":[],"class_list":["post-7591","post","type-post","status-publish","format-standard","hentry"],"_links":{"self":[{"href":"https:\/\/ambmaputo.esteri.it\/pt-pt\/wp-json\/wp\/v2\/posts\/7591","targetHints":{"allow":["GET"]}}],"collection":[{"href":"https:\/\/ambmaputo.esteri.it\/pt-pt\/wp-json\/wp\/v2\/posts"}],"about":[{"href":"https:\/\/ambmaputo.esteri.it\/pt-pt\/wp-json\/wp\/v2\/types\/post"}],"author":[{"embeddable":true,"href":"https:\/\/ambmaputo.esteri.it\/pt-pt\/wp-json\/wp\/v2\/users\/1"}],"replies":[{"embeddable":true,"href":"https:\/\/ambmaputo.esteri.it\/pt-pt\/wp-json\/wp\/v2\/comments?post=7591"}],"version-history":[{"count":0,"href":"https:\/\/ambmaputo.esteri.it\/pt-pt\/wp-json\/wp\/v2\/posts\/7591\/revisions"}],"wp:attachment":[{"href":"https:\/\/ambmaputo.esteri.it\/pt-pt\/wp-json\/wp\/v2\/media?parent=7591"}],"wp:term":[{"taxonomy":"post_tag","embeddable":true,"href":"https:\/\/ambmaputo.esteri.it\/pt-pt\/wp-json\/wp\/v2\/tags?post=7591"}],"curies":[{"name":"wp","href":"https:\/\/api.w.org\/{rel}","templated":true}]}}