{"id":7583,"date":"2015-05-25T09:30:57","date_gmt":"2015-05-25T07:30:57","guid":{"rendered":"https:\/\/ambmaputo.esteri.it\/news\/dall_ambasciata\/2015\/05\/modifiche-voto-2\/"},"modified":"2015-05-25T09:30:57","modified_gmt":"2015-05-25T07:30:57","slug":"modifiche-voto-2","status":"publish","type":"post","link":"https:\/\/ambmaputo.esteri.it\/pt-pt\/news\/dall_ambasciata\/2015\/05\/modifiche-voto-2\/","title":{"rendered":"Mo\u00e7ambique: Miss\u00e3o do Vice Ministro do Desenvolvimento Econ\u00f3mico para a FACIM 2015 e delega\u00e7\u00e3o oil and gas"},"content":{"rendered":"<p><SPAN style=\"\"FONT-FAMILY: 'Verdana','sans-serif'; COLOR: #385268; FONT-SIZE: 8pt\"\" lang=\"\"PT\"\"><?xml:namespace prefix = \"\"o\"\" ns = \"\"urn:schemas-microsoft-com:office:office\"\" \/><o:p><br \/>\n<P style=\"\"TEXT-ALIGN: justify; MARGIN: 0cm 0cm 0pt\"\" class=\"\"MsoNormal\"\"><SPAN style=\"\"FONT-FAMILY: 'Verdana','sans-serif'; COLOR: #385268; FONT-SIZE: 8pt\"\" lang=\"\"PT\"\"><o:p><STRONG><\/STRONG><\/o:p><\/SPAN><\/P><br \/>\n<P style=\"\"TEXT-ALIGN: justify; MARGIN: 0cm 0cm 0pt\"\" class=\"\"MsoNormal\"\"><SPAN style=\"\"FONT-FAMILY: 'Verdana','sans-serif'; COLOR: #385268; FONT-SIZE: 8pt; mso-bidi-font-weight: bold\"\" lang=\"\"PT\"\">\u00a0Nos dias 31 de Agosto e 1 de Setembro o Vice Ministro do Desenvolvimento Econ\u00f3mico, Carlo Calenda, efectuar\u00e1 uma miss\u00e3o em Mo\u00e7ambique por ocasi\u00e3o da Feira multissectorial FACIM, \u00e0 frente de uma delega\u00e7\u00e3o empresarial de cerca de 50 empresas no sector <I style=\"\"mso-bidi-font-style: normal\"\">oil and gas<\/I>, coordenada pela Confindustria (Confedera\u00e7\u00e3o Industrial Italiana).<\/SPAN><\/P><br \/>\n<P style=\"\"TEXT-ALIGN: justify; MARGIN: 0cm 0cm 0pt\"\" class=\"\"MsoNormal\"\"><SPAN style=\"\"FONT-FAMILY: 'Verdana','sans-serif'; COLOR: #385268; FONT-SIZE: 8pt; mso-bidi-font-weight: bold\"\" lang=\"\"PT\"\"><o:p><\/o:p><\/SPAN>\u00a0<\/P><br \/>\n<P style=\"\"TEXT-ALIGN: justify; MARGIN: 0cm 0cm 0pt\"\" class=\"\"MsoNormal\"\"><SPAN style=\"\"FONT-FAMILY: 'Verdana','sans-serif'; COLOR: #385268; FONT-SIZE: 8pt; mso-bidi-font-weight: bold\"\" lang=\"\"PT\"\">Na 51\u00aa edi\u00e7\u00e3o da FACIM a It\u00e1lia estar\u00e1 representada por mais de 60 empresas, reunidas num \u00fanico grande pavilh\u00e3o italiano, organizado pela ICE &#8211; Ag\u00eancia para a promo\u00e7\u00e3o no estrangeiro e internacionaliza\u00e7\u00e3o das empresas italianas. Trata-se da Feira mais importante do Pa\u00eds que oferece \u00e0s empresas participantes a oportunidade de se fazerem conhecer e propor-se para os projectos em curso em v\u00e1rios sectores estrat\u00e9gicos pare o desenvolvimento de Mo\u00e7ambique.<o:p><\/o:p><\/SPAN><\/P><br \/>\n<P style=\"\"TEXT-ALIGN: justify; MARGIN: 0cm 0cm 0pt\"\" class=\"\"MsoNormal\"\"><SPAN style=\"\"FONT-FAMILY: 'Verdana','sans-serif'; COLOR: #385268; FONT-SIZE: 8pt; mso-bidi-font-weight: bold\"\" lang=\"\"PT\"\"><\/SPAN>\u00a0<\/P><br \/>\n<P style=\"\"TEXT-ALIGN: justify; MARGIN: 0cm 0cm 0pt\"\" class=\"\"MsoNormal\"\"><SPAN style=\"\"FONT-FAMILY: 'Verdana','sans-serif'; COLOR: #385268; FONT-SIZE: 8pt; mso-bidi-font-weight: bold\"\" lang=\"\"PT\"\">A este evento junta-se a iniciativa, co-organizada pela Confindustria, ICE e ENI, destinada \u00e0s<SPAN style=\"\"mso-spacerun: yes\"\">\u00a0 <\/SPAN>empresas italianas do sector <I style=\"\"mso-bidi-font-style: normal\"\">oil and gas<\/I>, centrada sobre as oportunidades de <I style=\"\"mso-bidi-font-style: normal\"\">business <\/I>que o sector oferece em Mo\u00e7ambique. O programa prev\u00ea eventos dedicados \u00e0 apresenta\u00e7\u00e3o dos projectos que ser\u00e3o desenvolvidos nos pr\u00f3ximos anos e encontros com as Autoridades respons\u00e1veis deste sector.<o:p><\/o:p><\/SPAN><\/P><br \/>\n<P style=\"\"TEXT-ALIGN: justify; MARGIN: 0cm 0cm 0pt\"\" class=\"\"MsoNormal\"\"><SPAN style=\"\"FONT-FAMILY: 'Verdana','sans-serif'; COLOR: #385268; FONT-SIZE: 8pt; mso-bidi-font-weight: bold\"\" lang=\"\"PT\"\"><\/SPAN>\u00a0<\/P><br \/>\n<P style=\"\"TEXT-ALIGN: justify; MARGIN: 0cm 0cm 0pt\"\" class=\"\"MsoNormal\"\"><SPAN style=\"\"FONT-FAMILY: 'Verdana','sans-serif'; COLOR: #385268; FONT-SIZE: 8pt; mso-bidi-font-weight: bold\"\" lang=\"\"PT\"\">A visita do Vice Ministro Calenda constituir\u00e1 portanto uma importante ocasi\u00e3o para fortalecer as excelentes rela\u00e7\u00f5es entre Mo\u00e7ambique e It\u00e1lia, favorecer uma maior presen\u00e7a de empresas italianas e acrescer o interc\u00e2mbio entre os dois Pa\u00edses.<o:p><\/o:p><\/SPAN><\/P><br \/>\n<P style=\"\"MARGIN: 0cm 0cm 0pt\"\" class=\"\"MsoNormal\"\"><\/o:p><\/SPAN><\/P><\/p>\n","protected":false},"excerpt":{"rendered":"\u00a0Nos dias 31 de Agosto e 1 de Setembro o Vice Ministro do Desenvolvimento Econ\u00f3mico, Carlo Calenda, efectuar\u00e1 uma miss\u00e3o em Mo\u00e7ambique por ocasi\u00e3o da Feira multissectorial FACIM, \u00e0 frente de uma delega\u00e7\u00e3o empresarial de cerca de 50 empresas no sector oil and gas, coordenada pela Confindustria (Confedera\u00e7\u00e3o Industrial Italiana). \u00a0 Na 51\u00aa edi\u00e7\u00e3o da [&hellip;]","protected":false},"author":1,"featured_media":0,"comment_status":"","ping_status":"","sticky":false,"template":"","format":"standard","meta":{"footnotes":""},"tags":[],"class_list":["post-7583","post","type-post","status-publish","format-standard","hentry"],"_links":{"self":[{"href":"https:\/\/ambmaputo.esteri.it\/pt-pt\/wp-json\/wp\/v2\/posts\/7583","targetHints":{"allow":["GET"]}}],"collection":[{"href":"https:\/\/ambmaputo.esteri.it\/pt-pt\/wp-json\/wp\/v2\/posts"}],"about":[{"href":"https:\/\/ambmaputo.esteri.it\/pt-pt\/wp-json\/wp\/v2\/types\/post"}],"author":[{"embeddable":true,"href":"https:\/\/ambmaputo.esteri.it\/pt-pt\/wp-json\/wp\/v2\/users\/1"}],"replies":[{"embeddable":true,"href":"https:\/\/ambmaputo.esteri.it\/pt-pt\/wp-json\/wp\/v2\/comments?post=7583"}],"version-history":[{"count":0,"href":"https:\/\/ambmaputo.esteri.it\/pt-pt\/wp-json\/wp\/v2\/posts\/7583\/revisions"}],"wp:attachment":[{"href":"https:\/\/ambmaputo.esteri.it\/pt-pt\/wp-json\/wp\/v2\/media?parent=7583"}],"wp:term":[{"taxonomy":"post_tag","embeddable":true,"href":"https:\/\/ambmaputo.esteri.it\/pt-pt\/wp-json\/wp\/v2\/tags?post=7583"}],"curies":[{"name":"wp","href":"https:\/\/api.w.org\/{rel}","templated":true}]}}