{"id":7573,"date":"2015-10-20T09:41:54","date_gmt":"2015-10-20T07:41:54","guid":{"rendered":"https:\/\/ambmaputo.esteri.it\/news\/dall_ambasciata\/2015\/10\/xv-semana-da-lingua-italiana\/"},"modified":"2015-10-20T09:41:54","modified_gmt":"2015-10-20T07:41:54","slug":"xv-semana-da-lingua-italiana","status":"publish","type":"post","link":"https:\/\/ambmaputo.esteri.it\/pt-pt\/news\/dall_ambasciata\/2015\/10\/xv-semana-da-lingua-italiana\/","title":{"rendered":"Convite para a XV Semana da L\u00edngua Italiana de 19 a 24 Outubro de 2015 em Maputo e em Inhambane"},"content":{"rendered":"<p><P class=\"\"MsoNormal\"\" style=\"\"TEXT-ALIGN: justify; MARGIN: 0cm 0cm 0pt\"\"><SPAN lang=\"\"PT\"\" style='FONT-SIZE: 12pt; FONT-FAMILY: \"\"Arial\"\",\"\"sans-serif\"\"; LINE-HEIGHT: 115%; mso-fareast-font-family: Calibri'><FONT color=\"\"#000000\"\">A Embaixada de It\u00e1lia em Maputo tem o prazer de convidar V.Excia para os eventos organizados por ocasi\u00e3o da XV edi\u00e7\u00e3o da <B style=\"\"mso-bidi-font-weight: normal\"\">Semana da L\u00edngua Italiana<\/B>, iniciativa de promo\u00e7\u00e3o do italiano como l\u00edngua de cultura cl\u00e1ssica e contempor\u00e2nea. Este ano o tema ser\u00e1 \u201c<B style=\"\"mso-bidi-font-weight: normal\"\">Italiano della musica, musica dell\u2019Italiano\u201d (<\/B><I style=\"\"mso-bidi-font-style: normal\"\">Italiano da m\u00fasica, m\u00fasica do Italiano<\/I>).<?xml:namespace prefix = \"\"o\"\" ns = \"\"urn:schemas-microsoft-com:office:office\"\" \/><o:p><\/o:p><\/FONT><\/SPAN><\/P><P class=\"\"MsoNormal\"\" style=\"\"TEXT-ALIGN: justify; MARGIN: 0cm 0cm 0pt\"\"><SPAN lang=\"\"PT\"\" style='FONT-SIZE: 12pt; FONT-FAMILY: \"\"Arial\"\",\"\"sans-serif\"\"; LINE-HEIGHT: 115%; mso-fareast-font-family: Calibri'><o:p><FONT color=\"\"#000000\"\">\u00a0<\/FONT><\/o:p><\/SPAN><\/P><br \/>\n<P class=\"\"MsoNormal\"\" style=\"\"TEXT-ALIGN: justify; MARGIN: 0cm 0cm 0pt\"\"><SPAN lang=\"\"PT\"\" style='FONT-SIZE: 12pt; FONT-FAMILY: \"\"Arial\"\",\"\"sans-serif\"\"; LINE-HEIGHT: 115%; mso-fareast-font-family: Calibri'><FONT color=\"\"#000000\"\">Conforme o programa em anexo, as v\u00e1rias actividades decorrer\u00e3o de 20 a 24 de Outubro de 2015 em Maputo e em Inhambane.<o:p><\/o:p><\/FONT><\/SPAN><\/P><br \/>\n<P class=\"\"MsoNormal\"\" style=\"\"TEXT-ALIGN: justify; MARGIN: 0cm 0cm 0pt\"\"><SPAN lang=\"\"PT\"\" style='FONT-SIZE: 12pt; FONT-FAMILY: \"\"Arial\"\",\"\"sans-serif\"\"; LINE-HEIGHT: 115%; mso-fareast-font-family: Calibri'><o:p><FONT color=\"\"#000000\"\">\u00a0<\/FONT><\/o:p><\/SPAN><\/P><br \/>\n<P class=\"\"MsoNormal\"\" style=\"\"TEXT-ALIGN: justify; MARGIN: 0cm 0cm 0pt\"\"><SPAN lang=\"\"PT\"\" style='FONT-SIZE: 12pt; FONT-FAMILY: \"\"Arial\"\",\"\"sans-serif\"\"; LINE-HEIGHT: 115%; mso-fareast-font-family: Calibri'><FONT color=\"\"#000000\"\">Os <SPAN style=\"\"mso-spacerun: yes\"\">\u00a0<\/SPAN>eventos ser\u00e3o realizados em colabora\u00e7\u00e3o com a Escola Italiana \u201cGiovanni Falcone\u201d de Maputo, a Associa\u00e7\u00e3o Dante Alighieri, a ICE \u2013 Ag\u00eancia para a Internacionaliza\u00e7\u00e3o das Empresas italianas de Maputo e a Escola Superior de <SPAN style=\"\"mso-bidi-font-weight: bold\"\">Hotelaria<\/SPAN> e Turismo (ESHTI) de Inhambane.<\/FONT><\/SPAN><\/P><br \/>\n<P class=\"\"MsoNormal\"\" style=\"\"TEXT-ALIGN: justify; MARGIN: 0cm 0cm 0pt\"\"><SPAN lang=\"\"PT\"\" style='FONT-SIZE: 12pt; FONT-FAMILY: \"\"Arial\"\",\"\"sans-serif\"\"; LINE-HEIGHT: 115%; mso-fareast-font-family: Calibri'><FONT color=\"\"#000000\"\"><\/FONT><\/SPAN>\u00a0<\/P><br \/>\n<P class=\"\"MsoNormal\"\" style=\"\"TEXT-ALIGN: justify; MARGIN: 0cm 0cm 0pt\"\"><SPAN lang=\"\"PT\"\" style='FONT-SIZE: 12pt; FONT-FAMILY: \"\"Arial\"\",\"\"sans-serif\"\"; LINE-HEIGHT: 115%; mso-fareast-font-family: Calibri'><A href=\"\"\/resource\/2015\/10\/44631_f_Programmasettimanadellalinguaitaliana2015.pdf\"\">Programa da semana da lingua italiana 2015<\/A><\/SPAN><\/P><\/p>\n","protected":false},"excerpt":{"rendered":"A Embaixada de It\u00e1lia em Maputo tem o prazer de convidar V.Excia para os eventos organizados por ocasi\u00e3o da XV edi\u00e7\u00e3o da Semana da L\u00edngua Italiana, iniciativa de promo\u00e7\u00e3o do italiano como l\u00edngua de cultura cl\u00e1ssica e contempor\u00e2nea. Este ano o tema ser\u00e1 \u201cItaliano della musica, musica dell\u2019Italiano\u201d (Italiano da m\u00fasica, m\u00fasica do Italiano).\u00a0 Conforme [&hellip;]","protected":false},"author":1,"featured_media":0,"comment_status":"","ping_status":"","sticky":false,"template":"","format":"standard","meta":{"footnotes":""},"tags":[],"class_list":["post-7573","post","type-post","status-publish","format-standard","hentry"],"_links":{"self":[{"href":"https:\/\/ambmaputo.esteri.it\/pt-pt\/wp-json\/wp\/v2\/posts\/7573","targetHints":{"allow":["GET"]}}],"collection":[{"href":"https:\/\/ambmaputo.esteri.it\/pt-pt\/wp-json\/wp\/v2\/posts"}],"about":[{"href":"https:\/\/ambmaputo.esteri.it\/pt-pt\/wp-json\/wp\/v2\/types\/post"}],"author":[{"embeddable":true,"href":"https:\/\/ambmaputo.esteri.it\/pt-pt\/wp-json\/wp\/v2\/users\/1"}],"replies":[{"embeddable":true,"href":"https:\/\/ambmaputo.esteri.it\/pt-pt\/wp-json\/wp\/v2\/comments?post=7573"}],"version-history":[{"count":0,"href":"https:\/\/ambmaputo.esteri.it\/pt-pt\/wp-json\/wp\/v2\/posts\/7573\/revisions"}],"wp:attachment":[{"href":"https:\/\/ambmaputo.esteri.it\/pt-pt\/wp-json\/wp\/v2\/media?parent=7573"}],"wp:term":[{"taxonomy":"post_tag","embeddable":true,"href":"https:\/\/ambmaputo.esteri.it\/pt-pt\/wp-json\/wp\/v2\/tags?post=7573"}],"curies":[{"name":"wp","href":"https:\/\/api.w.org\/{rel}","templated":true}]}}