{"id":7570,"date":"2015-10-20T09:46:29","date_gmt":"2015-10-20T07:46:29","guid":{"rendered":"https:\/\/ambmaputo.esteri.it\/news\/dall_ambasciata\/2015\/10\/o-italiano-da-musica-no-mundo\/"},"modified":"2015-10-20T09:46:29","modified_gmt":"2015-10-20T07:46:29","slug":"o-italiano-da-musica-no-mundo","status":"publish","type":"post","link":"https:\/\/ambmaputo.esteri.it\/pt-pt\/news\/dall_ambasciata\/2015\/10\/o-italiano-da-musica-no-mundo\/","title":{"rendered":"\u00a0XV edi\u00e7\u00e3o da Semana da l\u00edngua italiana no mundo &#8211; \u201cL\u2019italiano della musica nel mondo\u201d"},"content":{"rendered":"<p><P class=\"\"MsoNormal\"\" style=\"\"TEXT-ALIGN: justify; MARGIN: 0cm 0cm 10pt\"\"><SPAN lang=\"\"PT\"\"><FONT size=\"\"3\"\"><FONT color=\"\"#000000\"\"><FONT face=\"\"Calibri\"\">Por ocasi\u00e3o da XV edi\u00e7\u00e3o da Semana da l\u00edngua italiana no mundo, a \u201cAccademia della Crusca\u201d realizou o volume \u201cL\u2019italiano della musica nel mondo\u201d (<I style=\"\"mso-bidi-font-style: normal\"\">O italiano da m\u00fasica no mundo<\/I>), texto que analisa o papel desempenhado pela l\u00edngua italiana na m\u00fasica a n\u00edvel internacional. A obra est\u00e1 dispon\u00edvel gratuitamente de 19 a 24 de Outubro atrav\u00e9s do seguinte <A href=\"\"http:\/\/www.goware-apps.com\/litaliano-della-musica-nel-mondo-ilaria-bonomi-vittorio-coletti-a-cura-di\/\"\">link<\/A>.<\/FONT><\/FONT><\/FONT><\/SPAN><\/P><P class=\"\"MsoNormal\"\" style=\"\"TEXT-ALIGN: justify; MARGIN: 0cm 0cm 10pt\"\"><SPAN lang=\"\"PT\"\"><?xml:namespace prefix = \"\"o\"\" ns = \"\"urn:schemas-microsoft-com:office:office\"\" \/><o:p><FONT color=\"\"#000000\"\" size=\"\"3\"\" face=\"\"Calibri\"\">\u00a0<\/FONT><\/o:p><\/SPAN><\/P><br \/>\n<P class=\"\"MsoNormal\"\" style=\"\"TEXT-ALIGN: justify; MARGIN: 0cm 0cm 10pt\"\"><SPAN lang=\"\"PT\"\"><FONT color=\"\"#000000\"\" size=\"\"3\"\" face=\"\"Calibri\"\">O forte vinculo entre a l\u00edngua italiana e a m\u00fasica \u00e9 tamb\u00e9m tema do v\u00eddeo \u201c<A href=\"\"http:\/\/www.esteri.it\/mae\/it\/sala_stampa\/archivionotizie\/approfondimenti\/2015\/10\/la-musica-parla-italiano-l-inscindibile.html\"\">La musica parla italiano<\/A>\u201d(<I style=\"\"mso-bidi-font-style: normal\"\">A m\u00fasica fala italiano<\/I>), produzido por iniciativa da Direc\u00e7\u00e3o Geral para os italianos no Estrangeiro e Pol\u00edticas Migrat\u00f3rias do Minist\u00e9rio dos Neg\u00f3cios Estrangeiros e da Coopera\u00e7\u00e3o Internacional, em <SPAN style=\"\"mso-spacerun: yes\"\">\u00a0<\/SPAN>colabora\u00e7\u00e3o com a Associa\u00e7\u00e3o Nacional das Fam\u00edlias Emigrantes e realizado pela network \u201cI-Italy\u201d de New York.<\/FONT><o:p><\/o:p><\/SPAN><\/P><\/p>\n","protected":false},"excerpt":{"rendered":"Por ocasi\u00e3o da XV edi\u00e7\u00e3o da Semana da l\u00edngua italiana no mundo, a \u201cAccademia della Crusca\u201d realizou o volume \u201cL\u2019italiano della musica nel mondo\u201d (O italiano da m\u00fasica no mundo), texto que analisa o papel desempenhado pela l\u00edngua italiana na m\u00fasica a n\u00edvel internacional. A obra est\u00e1 dispon\u00edvel gratuitamente de 19 a 24 de Outubro [&hellip;]","protected":false},"author":1,"featured_media":0,"comment_status":"","ping_status":"","sticky":false,"template":"","format":"standard","meta":{"footnotes":""},"tags":[],"class_list":["post-7570","post","type-post","status-publish","format-standard","hentry"],"_links":{"self":[{"href":"https:\/\/ambmaputo.esteri.it\/pt-pt\/wp-json\/wp\/v2\/posts\/7570","targetHints":{"allow":["GET"]}}],"collection":[{"href":"https:\/\/ambmaputo.esteri.it\/pt-pt\/wp-json\/wp\/v2\/posts"}],"about":[{"href":"https:\/\/ambmaputo.esteri.it\/pt-pt\/wp-json\/wp\/v2\/types\/post"}],"author":[{"embeddable":true,"href":"https:\/\/ambmaputo.esteri.it\/pt-pt\/wp-json\/wp\/v2\/users\/1"}],"replies":[{"embeddable":true,"href":"https:\/\/ambmaputo.esteri.it\/pt-pt\/wp-json\/wp\/v2\/comments?post=7570"}],"version-history":[{"count":0,"href":"https:\/\/ambmaputo.esteri.it\/pt-pt\/wp-json\/wp\/v2\/posts\/7570\/revisions"}],"wp:attachment":[{"href":"https:\/\/ambmaputo.esteri.it\/pt-pt\/wp-json\/wp\/v2\/media?parent=7570"}],"wp:term":[{"taxonomy":"post_tag","embeddable":true,"href":"https:\/\/ambmaputo.esteri.it\/pt-pt\/wp-json\/wp\/v2\/tags?post=7570"}],"curies":[{"name":"wp","href":"https:\/\/api.w.org\/{rel}","templated":true}]}}