{"id":7560,"date":"2016-03-22T06:49:09","date_gmt":"2016-03-22T04:49:09","guid":{"rendered":"https:\/\/ambmaputo.esteri.it\/news\/dall_ambasciata\/2016\/03\/borse2016-2\/"},"modified":"2016-03-22T06:49:09","modified_gmt":"2016-03-22T04:49:09","slug":"borse2016-2","status":"publish","type":"post","link":"https:\/\/ambmaputo.esteri.it\/pt-pt\/news\/dall_ambasciata\/2016\/03\/borse2016-2\/","title":{"rendered":"Pr\u00e9mio de Poesia Nosside \u2013 Inscri\u00e7\u00f5es para a XXXII edi\u00e7\u00e3o"},"content":{"rendered":"<p><P class=\"\"MsoNormal\"\" style=\"\"TEXT-ALIGN: justify; MARGIN: 0in 0in 0pt\"\"><SPAN lang=\"\"PT\"\" style='FONT-SIZE: 8pt; FONT-FAMILY: \"\"Verdana\"\",\"\"sans-serif\"\"; COLOR: #385268; mso-ansi-language: PT; mso-bidi-font-weight: bold'>O Pr\u00e9mio Mundial Nosside \u00e9 um concurso global de poesia para um poema in\u00e9dito, sem barreiras de l\u00ednguas e formas de comunica\u00e7\u00e3o (poesia escrita, em v\u00eddeo e em m\u00fasica-can\u00e7\u00e3o).<?xml:namespace prefix = \"\"o\"\" ns = \"\"urn:schemas-microsoft-com:office:office\"\" \/><o:p><\/o:p><\/SPAN><\/P><P class=\"\"MsoNormal\"\" style=\"\"TEXT-ALIGN: justify; MARGIN: 0in 0in 0pt\"\"><SPAN lang=\"\"PT\"\" style='FONT-SIZE: 8pt; FONT-FAMILY: \"\"Verdana\"\",\"\"sans-serif\"\"; COLOR: #385268; mso-ansi-language: PT; mso-bidi-font-weight: bold'>Este ano o prazo para a apresenta\u00e7\u00e3o das candidaturas para a XXXII edi\u00e7\u00e3o foi estendida para 20 de Julho de 2016.<o:p><\/o:p><\/SPAN><\/P><br \/>\n<P class=\"\"MsoNormal\"\" style=\"\"TEXT-ALIGN: justify; MARGIN: 0in 0in 0pt\"\"><SPAN lang=\"\"PT\"\" style='FONT-SIZE: 8pt; FONT-FAMILY: \"\"Verdana\"\",\"\"sans-serif\"\"; COLOR: #385268; mso-ansi-language: PT; mso-bidi-font-weight: bold'>O REGULAMENTO e a FICHA de inscri\u00e7\u00e3o podem ser descarregado a partir do site <\/SPAN><SPAN lang=\"\"IT\"\" style='FONT-SIZE: 8pt; FONT-FAMILY: \"\"Verdana\"\",\"\"sans-serif\"\"; COLOR: #385268; mso-bidi-font-weight: bold'><a href=\"\"http:\/\/www.nosside.org\/\"\" target=\"\"_blank\"\"><SPAN lang=\"\"PT\"\" style=\"\"TEXT-DECORATION: none; COLOR: #385268; mso-ansi-language: PT; text-underline: none\"\">www.nosside.org<\/SPAN><\/A><\/SPAN><SPAN class=\"\"MsoHyperlink\"\"><SPAN lang=\"\"PT\"\" style='FONT-SIZE: 8pt; TEXT-DECORATION: none; FONT-FAMILY: \"\"Verdana\"\",\"\"sans-serif\"\"; COLOR: #385268; mso-ansi-language: PT; mso-bidi-font-weight: bold; text-underline: none'><U> e podem ser solicitados atrav\u00e9s do endere\u00e7o email: <\/U><\/SPAN><\/SPAN><SPAN lang=\"\"IT\"\" style='FONT-SIZE: 8pt; FONT-FAMILY: \"\"Verdana\"\",\"\"sans-serif\"\"; COLOR: #385268; mso-bidi-font-weight: bold'><a href=\"\"mailto:nossidemondiale@gmail.com\"\" target=\"\"_blank\"\"><SPAN lang=\"\"PT\"\" style=\"\"TEXT-DECORATION: none; COLOR: #385268; mso-ansi-language: PT; text-underline: none\"\">nossidemondiale@gmail.com<\/SPAN><\/A><\/SPAN><SPAN lang=\"\"PT\"\" style='FONT-SIZE: 8pt; FONT-FAMILY: \"\"Verdana\"\",\"\"sans-serif\"\"; COLOR: #385268; mso-ansi-language: PT; mso-bidi-font-weight: bold'><o:p><\/o:p><\/SPAN><\/P><\/p>\n","protected":false},"excerpt":{"rendered":"O Pr\u00e9mio Mundial Nosside \u00e9 um concurso global de poesia para um poema in\u00e9dito, sem barreiras de l\u00ednguas e formas de comunica\u00e7\u00e3o (poesia escrita, em v\u00eddeo e em m\u00fasica-can\u00e7\u00e3o).Este ano o prazo para a apresenta\u00e7\u00e3o das candidaturas para a XXXII edi\u00e7\u00e3o foi estendida para 20 de Julho de 2016. O REGULAMENTO e a FICHA de [&hellip;]","protected":false},"author":1,"featured_media":0,"comment_status":"","ping_status":"","sticky":false,"template":"","format":"standard","meta":{"footnotes":""},"tags":[],"class_list":["post-7560","post","type-post","status-publish","format-standard","hentry"],"_links":{"self":[{"href":"https:\/\/ambmaputo.esteri.it\/pt-pt\/wp-json\/wp\/v2\/posts\/7560","targetHints":{"allow":["GET"]}}],"collection":[{"href":"https:\/\/ambmaputo.esteri.it\/pt-pt\/wp-json\/wp\/v2\/posts"}],"about":[{"href":"https:\/\/ambmaputo.esteri.it\/pt-pt\/wp-json\/wp\/v2\/types\/post"}],"author":[{"embeddable":true,"href":"https:\/\/ambmaputo.esteri.it\/pt-pt\/wp-json\/wp\/v2\/users\/1"}],"replies":[{"embeddable":true,"href":"https:\/\/ambmaputo.esteri.it\/pt-pt\/wp-json\/wp\/v2\/comments?post=7560"}],"version-history":[{"count":0,"href":"https:\/\/ambmaputo.esteri.it\/pt-pt\/wp-json\/wp\/v2\/posts\/7560\/revisions"}],"wp:attachment":[{"href":"https:\/\/ambmaputo.esteri.it\/pt-pt\/wp-json\/wp\/v2\/media?parent=7560"}],"wp:term":[{"taxonomy":"post_tag","embeddable":true,"href":"https:\/\/ambmaputo.esteri.it\/pt-pt\/wp-json\/wp\/v2\/tags?post=7560"}],"curies":[{"name":"wp","href":"https:\/\/api.w.org\/{rel}","templated":true}]}}