{"id":7506,"date":"2016-10-17T13:50:36","date_gmt":"2016-10-17T11:50:36","guid":{"rendered":"https:\/\/ambmaputo.esteri.it\/news\/dall_ambasciata\/2016\/10\/mostra-mobili-2\/"},"modified":"2016-10-17T13:50:36","modified_gmt":"2016-10-17T11:50:36","slug":"mostra-mobili-2","status":"publish","type":"post","link":"https:\/\/ambmaputo.esteri.it\/pt-pt\/news\/dall_ambasciata\/2016\/10\/mostra-mobili-2\/","title":{"rendered":"XVI Semana da Lingua Italiana no Mundo \u2013 Exposi\u00e7\u00e3o de m\u00f3veis de design"},"content":{"rendered":"<p>No \u00e2mbito da Semana da L\u00edngua Italiana, a Embaixada da It\u00e1lia em Maputo tem o prazer de apresentar a exposi\u00e7ao de m\u00f3veis de design da arquitecta italo-mo\u00e7ambicana Leni Farenzena.<\/p>\n<p><img decoding=\"async\" src=\"\"resource\/img\/2016\/12\/mostra.jpg\"\" alt=\"\"mostra\"\" \/><\/p>\n","protected":false},"excerpt":{"rendered":"No \u00e2mbito da Semana da L\u00edngua Italiana, a Embaixada da It\u00e1lia em Maputo tem o prazer de apresentar a exposi\u00e7ao de m\u00f3veis de design da arquitecta italo-mo\u00e7ambicana Leni Farenzena.","protected":false},"author":1,"featured_media":0,"comment_status":"","ping_status":"","sticky":false,"template":"","format":"standard","meta":{"footnotes":""},"tags":[],"class_list":["post-7506","post","type-post","status-publish","format-standard","hentry"],"_links":{"self":[{"href":"https:\/\/ambmaputo.esteri.it\/pt-pt\/wp-json\/wp\/v2\/posts\/7506","targetHints":{"allow":["GET"]}}],"collection":[{"href":"https:\/\/ambmaputo.esteri.it\/pt-pt\/wp-json\/wp\/v2\/posts"}],"about":[{"href":"https:\/\/ambmaputo.esteri.it\/pt-pt\/wp-json\/wp\/v2\/types\/post"}],"author":[{"embeddable":true,"href":"https:\/\/ambmaputo.esteri.it\/pt-pt\/wp-json\/wp\/v2\/users\/1"}],"replies":[{"embeddable":true,"href":"https:\/\/ambmaputo.esteri.it\/pt-pt\/wp-json\/wp\/v2\/comments?post=7506"}],"version-history":[{"count":0,"href":"https:\/\/ambmaputo.esteri.it\/pt-pt\/wp-json\/wp\/v2\/posts\/7506\/revisions"}],"wp:attachment":[{"href":"https:\/\/ambmaputo.esteri.it\/pt-pt\/wp-json\/wp\/v2\/media?parent=7506"}],"wp:term":[{"taxonomy":"post_tag","embeddable":true,"href":"https:\/\/ambmaputo.esteri.it\/pt-pt\/wp-json\/wp\/v2\/tags?post=7506"}],"curies":[{"name":"wp","href":"https:\/\/api.w.org\/{rel}","templated":true}]}}