{"id":11073,"date":"2025-12-15T18:12:18","date_gmt":"2025-12-15T16:12:18","guid":{"rendered":"https:\/\/ambmaputo.esteri.it\/?p=11073"},"modified":"2025-12-15T18:16:06","modified_gmt":"2025-12-15T16:16:06","slug":"conferencia-sobre-o-papel-dos-jovens-na-transicao-energetica-i-act-2025-italy-irena-action-for-climate-toolkit-18-19-de-dezembro","status":"publish","type":"post","link":"https:\/\/ambmaputo.esteri.it\/pt-pt\/news\/dall_ambasciata\/2025\/12\/conferencia-sobre-o-papel-dos-jovens-na-transicao-energetica-i-act-2025-italy-irena-action-for-climate-toolkit-18-19-de-dezembro\/","title":{"rendered":"Confer\u00eancia sobre o papel dos jovens na transi\u00e7\u00e3o energ\u00e9tica: I ACT 2025 \u2013 Italy\u2013IRENA Action for Climate Toolkit (18\u201319 de dezembro)"},"content":{"rendered":"<p data-start=\"0\" data-end=\"354\">A iniciativa <strong data-start=\"13\" data-end=\"63\">I ACT \u2013 Italy\u2013IRENA Action for Climate Toolkit<\/strong>, promovida pela <strong data-start=\"80\" data-end=\"136\">Ag\u00eancia Internacional de Energias Renov\u00e1veis (IRENA)<\/strong> e pelo <strong data-start=\"144\" data-end=\"224\">Minist\u00e9rio dos Neg\u00f3cios Estrangeiros e da Coopera\u00e7\u00e3o Internacional de It\u00e1lia<\/strong>, nasce com o objetivo de criar um momento de forma\u00e7\u00e3o dirigido a jovens raparigas e rapazes sobre os temas do clima e da energia.<\/p>\n<p data-start=\"356\" data-end=\"569\">Nos dias <strong data-start=\"365\" data-end=\"388\">18 e 19 de dezembro<\/strong>, a iniciativa chega a <strong data-start=\"411\" data-end=\"421\">Maputo<\/strong>, onde ter\u00e1 lugar uma confer\u00eancia no <strong data-start=\"458\" data-end=\"488\">Incubador do Standard Bank<\/strong>, situado na <strong data-start=\"501\" data-end=\"544\">Rua dos Desportistas n.\u00ba 119, 1.\u00ba andar<\/strong>, com in\u00edcio \u00e0s <strong data-start=\"560\" data-end=\"568\">8h30<\/strong>.<\/p>\n<p data-start=\"571\" data-end=\"932\">O programa prev\u00ea sess\u00f5es de forma\u00e7\u00e3o e interven\u00e7\u00f5es de especialistas do setor, que abordar\u00e3o as principais quest\u00f5es relacionadas com a transi\u00e7\u00e3o energ\u00e9tica e os seus desafios. O evento \u00e9 aberto a todas e a todos, sendo particularmente dirigido a quem deseja aprofundar conhecimentos e explorar novas oportunidades nos setores das energias renov\u00e1veis e do clima.<\/p>\n<p data-start=\"934\" data-end=\"1005\" data-is-last-node=\"\" data-is-only-node=\"\">Para mais informa\u00e7\u00f5es sobre o programa e para inscri\u00e7\u00e3o e participa\u00e7\u00e3o:<\/p>\n<p>https:\/\/shre.ink\/tptem<\/p>\n","protected":false},"excerpt":{"rendered":"A iniciativa I ACT \u2013 Italy\u2013IRENA Action for Climate Toolkit, promovida pela Ag\u00eancia Internacional de Energias Renov\u00e1veis (IRENA) e pelo Minist\u00e9rio dos Neg\u00f3cios Estrangeiros e da Coopera\u00e7\u00e3o Internacional de It\u00e1lia, nasce com o objetivo de criar um momento de forma\u00e7\u00e3o dirigido a jovens raparigas e rapazes sobre os temas do clima e da energia. Nos [&hellip;]","protected":false},"author":6,"featured_media":11077,"comment_status":"closed","ping_status":"closed","sticky":false,"template":"","format":"standard","meta":{"footnotes":""},"tags":[],"class_list":["post-11073","post","type-post","status-publish","format-standard","has-post-thumbnail","hentry"],"_links":{"self":[{"href":"https:\/\/ambmaputo.esteri.it\/pt-pt\/wp-json\/wp\/v2\/posts\/11073","targetHints":{"allow":["GET"]}}],"collection":[{"href":"https:\/\/ambmaputo.esteri.it\/pt-pt\/wp-json\/wp\/v2\/posts"}],"about":[{"href":"https:\/\/ambmaputo.esteri.it\/pt-pt\/wp-json\/wp\/v2\/types\/post"}],"author":[{"embeddable":true,"href":"https:\/\/ambmaputo.esteri.it\/pt-pt\/wp-json\/wp\/v2\/users\/6"}],"replies":[{"embeddable":true,"href":"https:\/\/ambmaputo.esteri.it\/pt-pt\/wp-json\/wp\/v2\/comments?post=11073"}],"version-history":[{"count":2,"href":"https:\/\/ambmaputo.esteri.it\/pt-pt\/wp-json\/wp\/v2\/posts\/11073\/revisions"}],"predecessor-version":[{"id":11080,"href":"https:\/\/ambmaputo.esteri.it\/pt-pt\/wp-json\/wp\/v2\/posts\/11073\/revisions\/11080"}],"wp:featuredmedia":[{"embeddable":true,"href":"https:\/\/ambmaputo.esteri.it\/pt-pt\/wp-json\/wp\/v2\/media\/11077"}],"wp:attachment":[{"href":"https:\/\/ambmaputo.esteri.it\/pt-pt\/wp-json\/wp\/v2\/media?parent=11073"}],"wp:term":[{"taxonomy":"post_tag","embeddable":true,"href":"https:\/\/ambmaputo.esteri.it\/pt-pt\/wp-json\/wp\/v2\/tags?post=11073"}],"curies":[{"name":"wp","href":"https:\/\/api.w.org\/{rel}","templated":true}]}}