{"id":10952,"date":"2025-12-02T18:39:28","date_gmt":"2025-12-02T16:39:28","guid":{"rendered":"https:\/\/ambmaputo.esteri.it\/news\/dall_ambasciata\/2025\/12\/arriva-la-xviii-edizione-della-festa-del-cinema-italiano-a-maputo\/"},"modified":"2025-12-02T18:51:22","modified_gmt":"2025-12-02T16:51:22","slug":"arriva-la-xviii-edizione-della-festa-del-cinema-italiano-a-maputo","status":"publish","type":"post","link":"https:\/\/ambmaputo.esteri.it\/pt-pt\/news\/dall_ambasciata\/2025\/12\/arriva-la-xviii-edizione-della-festa-del-cinema-italiano-a-maputo\/","title":{"rendered":"Chega a XVIII edi\u00e7\u00e3o da Festa do Cinema Italiano em Maputo! De 3 a 6 de dezembro"},"content":{"rendered":"<p data-start=\"73\" data-end=\"354\">Realizar-se-\u00e1 de 3 a 6 de dezembro a XVIII edi\u00e7\u00e3o da Festa do Cinema Italiano em Maputo, organizada pela Embaixada da It\u00e1lia em colabora\u00e7\u00e3o com a Associa\u00e7\u00e3o Controluce. Uma sele\u00e7\u00e3o de filmes italianos ser\u00e1 exibida no Cine-Teatro Scala, em vers\u00e3o original com legendas em portugu\u00eas.<\/p>\n<p data-start=\"356\" data-end=\"602\">A Festa ser\u00e1 inaugurada no dia 4 de dezembro, \u00e0s 19h00, com a proje\u00e7\u00e3o de <em data-start=\"430\" data-end=\"441\">1943-1997<\/em>, curta-metragem de Ettore Scola, seguida do filme <em data-start=\"492\" data-end=\"511\">L\u2019ulivo e o baob\u00e1<\/em>, de Serena Porta, com a presen\u00e7a de Corrado Azzolini, um dos produtores da longa-metragem.<\/p>\n<p data-start=\"604\" data-end=\"1136\">Este ano, pela primeira vez, \u00e0s proje\u00e7\u00f5es abertas ao p\u00fablico junta-se um programa de laborat\u00f3rios e semin\u00e1rios ministrados por cineastas italianos na Universidade Pedag\u00f3gica de Maputo, destinado aos seus estudantes. Participar\u00e3o, abordando as diferentes fases produtivas de um filme: Antonio Falduto, argumentista e realizador; Alberto Iannuzzi e Corrado Azzolini, produtores; Marta Zani, cen\u00f3grafa; e Filippo Scotti, ator, protagonista do filme <em data-start=\"1050\" data-end=\"1065\">A M\u00e3o de Deus<\/em>, de Paolo Sorrentino. A primeira aula ter\u00e1 lugar no dia 3 de dezembro.<\/p>\n<p data-start=\"1138\" data-end=\"1204\">A entrada para todas as proje\u00e7\u00f5es no Cine-Teatro Scala \u00e9 gratuita.<\/p>\n<p data-start=\"1206\" data-end=\"1258\">Anexamos as programa\u00e7\u00f5es dos filmes e dos workshops.<\/p>\n<p data-start=\"1260\" data-end=\"1309\">Para mais informa\u00e7\u00f5es: <a class=\"decorated-link cursor-pointer\" rel=\"noopener\" data-start=\"1283\" data-end=\"1309\">culturale.maputo@esteri.it<\/a><\/p>\n","protected":false},"excerpt":{"rendered":"Realizar-se-\u00e1 de 3 a 6 de dezembro a XVIII edi\u00e7\u00e3o da Festa do Cinema Italiano em Maputo, organizada pela Embaixada da It\u00e1lia em colabora\u00e7\u00e3o com a Associa\u00e7\u00e3o Controluce. Uma sele\u00e7\u00e3o de filmes italianos ser\u00e1 exibida no Cine-Teatro Scala, em vers\u00e3o original com legendas em portugu\u00eas. A Festa ser\u00e1 inaugurada no dia 4 de dezembro, \u00e0s [&hellip;]","protected":false},"author":6,"featured_media":10965,"comment_status":"closed","ping_status":"closed","sticky":false,"template":"","format":"standard","meta":{"footnotes":""},"tags":[],"class_list":["post-10952","post","type-post","status-publish","format-standard","has-post-thumbnail","hentry"],"_links":{"self":[{"href":"https:\/\/ambmaputo.esteri.it\/pt-pt\/wp-json\/wp\/v2\/posts\/10952","targetHints":{"allow":["GET"]}}],"collection":[{"href":"https:\/\/ambmaputo.esteri.it\/pt-pt\/wp-json\/wp\/v2\/posts"}],"about":[{"href":"https:\/\/ambmaputo.esteri.it\/pt-pt\/wp-json\/wp\/v2\/types\/post"}],"author":[{"embeddable":true,"href":"https:\/\/ambmaputo.esteri.it\/pt-pt\/wp-json\/wp\/v2\/users\/6"}],"replies":[{"embeddable":true,"href":"https:\/\/ambmaputo.esteri.it\/pt-pt\/wp-json\/wp\/v2\/comments?post=10952"}],"version-history":[{"count":3,"href":"https:\/\/ambmaputo.esteri.it\/pt-pt\/wp-json\/wp\/v2\/posts\/10952\/revisions"}],"predecessor-version":[{"id":10968,"href":"https:\/\/ambmaputo.esteri.it\/pt-pt\/wp-json\/wp\/v2\/posts\/10952\/revisions\/10968"}],"wp:featuredmedia":[{"embeddable":true,"href":"https:\/\/ambmaputo.esteri.it\/pt-pt\/wp-json\/wp\/v2\/media\/10965"}],"wp:attachment":[{"href":"https:\/\/ambmaputo.esteri.it\/pt-pt\/wp-json\/wp\/v2\/media?parent=10952"}],"wp:term":[{"taxonomy":"post_tag","embeddable":true,"href":"https:\/\/ambmaputo.esteri.it\/pt-pt\/wp-json\/wp\/v2\/tags?post=10952"}],"curies":[{"name":"wp","href":"https:\/\/api.w.org\/{rel}","templated":true}]}}