{"id":10926,"date":"2025-11-25T10:31:14","date_gmt":"2025-11-25T08:31:14","guid":{"rendered":"https:\/\/ambmaputo.esteri.it\/news\/dall_ambasciata\/2025\/11\/giornata-internazionale-per-leliminazione-della-violenza-contro-le-donne-3\/"},"modified":"2025-11-25T10:34:01","modified_gmt":"2025-11-25T08:34:01","slug":"giornata-internazionale-per-leliminazione-della-violenza-contro-le-donne-3","status":"publish","type":"post","link":"https:\/\/ambmaputo.esteri.it\/pt-pt\/news\/dall_ambasciata\/2025\/11\/giornata-internazionale-per-leliminazione-della-violenza-contro-le-donne-3\/","title":{"rendered":"Dia Internacional para a Elimina\u00e7\u00e3o da Viol\u00eancia contra as Mulheres"},"content":{"rendered":"<p data-start=\"98\" data-end=\"443\">Por ocasi\u00e3o do Dia Internacional para a Elimina\u00e7\u00e3o da Viol\u00eancia contra as Mulheres, o Ministro dos Neg\u00f3cios Estrangeiros e da Coopera\u00e7\u00e3o Internacional, Antonio Tajani, reafirma o compromisso constante da It\u00e1lia e do Minist\u00e9rio na preven\u00e7\u00e3o e no combate a todas as formas de viol\u00eancia e discrimina\u00e7\u00e3o contra as mulheres, na It\u00e1lia e no mundo.<\/p>\n<blockquote data-start=\"445\" data-end=\"934\">\n<p data-start=\"447\" data-end=\"934\">\u201cA viol\u00eancia contra as mulheres \u00e9 uma viola\u00e7\u00e3o inaceit\u00e1vel dos direitos humanos e um obst\u00e1culo ao desenvolvimento das nossas sociedades. A It\u00e1lia deve continuar na linha da frente para promover a igualdade de g\u00e9nero, o empoderamento feminino e a prote\u00e7\u00e3o das pessoas mais vulner\u00e1veis. Devemos construir um futuro no qual nenhuma mulher tema pela sua liberdade ou pela sua vida. \u00c9 uma responsabilidade que envolve as institui\u00e7\u00f5es, a sociedade civil e cada um de n\u00f3s\u201d, declarou o Ministro.<\/p>\n<\/blockquote>\n<p data-start=\"936\" data-end=\"1516\">A elimina\u00e7\u00e3o da viol\u00eancia de g\u00e9nero continua a ser um dos pilares da pol\u00edtica externa e da coopera\u00e7\u00e3o para o desenvolvimento da It\u00e1lia, apoiando campanhas internacionais contra pr\u00e1ticas nocivas como a mutila\u00e7\u00e3o genital feminina e os casamentos precoces e for\u00e7ados, al\u00e9m de contribuir ativamente para os trabalhos da Comiss\u00e3o da ONU sobre a Condi\u00e7\u00e3o da Mulher. O combate a todas as formas de viol\u00eancia contra mulheres e raparigas \u00e9 tamb\u00e9m uma das prioridades da It\u00e1lia no \u00e2mbito do seu mandato como membro do Conselho de Direitos Humanos das Na\u00e7\u00f5es Unidas para o tri\u00e9nio 2026\u20132028.<\/p>\n<p data-start=\"1518\" data-end=\"1763\">Tamb\u00e9m este ano, o Minist\u00e9rio e a rede externa aderem \u00e0 campanha global <strong data-start=\"1590\" data-end=\"1612\">\u201cOrange the World\u201d<\/strong>, promovida pela UN Women, iluminando a fachada do Minist\u00e9rio e participando em iniciativas de sensibiliza\u00e7\u00e3o dirigidas \u00e0 sociedade civil e aos jovens.<\/p>\n<p data-start=\"1765\" data-end=\"1999\">O Minist\u00e9rio e a rede diplom\u00e1tico-consular italiana renovam igualmente o seu compromisso com a iniciativa dos <strong data-start=\"1875\" data-end=\"1897\">\u201cbancos vermelhos\u201d<\/strong>, s\u00edmbolo universal da luta contra o feminic\u00eddio e alerta vis\u00edvel contra todas as formas de viol\u00eancia.<\/p>\n<p data-start=\"2001\" data-end=\"2230\">Prossegue ainda a promo\u00e7\u00e3o de percursos educativos que incluam forma\u00e7\u00e3o sobre o combate \u00e0 viol\u00eancia, como exemplificado pelo programa de bolsas de estudo lan\u00e7ado em mem\u00f3ria de <strong data-start=\"2177\" data-end=\"2198\">Giulia Cecchettin<\/strong>, \u201cInvest Your Talent in Italy\u201d.<\/p>\n<p data-start=\"2232\" data-end=\"2560\">Por fim, no \u00e2mbito da Agenda <strong data-start=\"2261\" data-end=\"2292\">\u201cMulheres, Paz e Seguran\u00e7a\u201d<\/strong>, a It\u00e1lia prossegue com iniciativas destinadas a promover a participa\u00e7\u00e3o das mulheres nos processos de preven\u00e7\u00e3o de conflitos, media\u00e7\u00e3o e constru\u00e7\u00e3o da paz, atrav\u00e9s do Plano de A\u00e7\u00e3o Nacional e da Rede de Mulheres Mediadoras do Mediterr\u00e2neo, promovida pelo nosso pa\u00eds.<\/p>\n","protected":false},"excerpt":{"rendered":"Por ocasi\u00e3o do Dia Internacional para a Elimina\u00e7\u00e3o da Viol\u00eancia contra as Mulheres, o Ministro dos Neg\u00f3cios Estrangeiros e da Coopera\u00e7\u00e3o Internacional, Antonio Tajani, reafirma o compromisso constante da It\u00e1lia e do Minist\u00e9rio na preven\u00e7\u00e3o e no combate a todas as formas de viol\u00eancia e discrimina\u00e7\u00e3o contra as mulheres, na It\u00e1lia e no mundo. \u201cA [&hellip;]","protected":false},"author":6,"featured_media":10920,"comment_status":"closed","ping_status":"closed","sticky":false,"template":"","format":"standard","meta":{"footnotes":""},"tags":[],"class_list":["post-10926","post","type-post","status-publish","format-standard","has-post-thumbnail","hentry"],"_links":{"self":[{"href":"https:\/\/ambmaputo.esteri.it\/pt-pt\/wp-json\/wp\/v2\/posts\/10926","targetHints":{"allow":["GET"]}}],"collection":[{"href":"https:\/\/ambmaputo.esteri.it\/pt-pt\/wp-json\/wp\/v2\/posts"}],"about":[{"href":"https:\/\/ambmaputo.esteri.it\/pt-pt\/wp-json\/wp\/v2\/types\/post"}],"author":[{"embeddable":true,"href":"https:\/\/ambmaputo.esteri.it\/pt-pt\/wp-json\/wp\/v2\/users\/6"}],"replies":[{"embeddable":true,"href":"https:\/\/ambmaputo.esteri.it\/pt-pt\/wp-json\/wp\/v2\/comments?post=10926"}],"version-history":[{"count":1,"href":"https:\/\/ambmaputo.esteri.it\/pt-pt\/wp-json\/wp\/v2\/posts\/10926\/revisions"}],"predecessor-version":[{"id":10928,"href":"https:\/\/ambmaputo.esteri.it\/pt-pt\/wp-json\/wp\/v2\/posts\/10926\/revisions\/10928"}],"wp:featuredmedia":[{"embeddable":true,"href":"https:\/\/ambmaputo.esteri.it\/pt-pt\/wp-json\/wp\/v2\/media\/10920"}],"wp:attachment":[{"href":"https:\/\/ambmaputo.esteri.it\/pt-pt\/wp-json\/wp\/v2\/media?parent=10926"}],"wp:term":[{"taxonomy":"post_tag","embeddable":true,"href":"https:\/\/ambmaputo.esteri.it\/pt-pt\/wp-json\/wp\/v2\/tags?post=10926"}],"curies":[{"name":"wp","href":"https:\/\/api.w.org\/{rel}","templated":true}]}}