{"id":10841,"date":"2025-11-07T18:02:03","date_gmt":"2025-11-07T16:02:03","guid":{"rendered":"https:\/\/ambmaputo.esteri.it\/news\/dall_ambasciata\/2025\/11\/missione-del-sistema-italia-a-cabo-delgado-per-lanciare-progetti-di-economia-blu-a-pemba-10-15-novembre\/"},"modified":"2025-11-09T16:59:53","modified_gmt":"2025-11-09T14:59:53","slug":"missione-del-sistema-italia-a-cabo-delgado-per-lanciare-progetti-di-economia-blu-a-pemba-10-15-novembre","status":"publish","type":"post","link":"https:\/\/ambmaputo.esteri.it\/pt-pt\/news\/dall_ambasciata\/2025\/11\/missione-del-sistema-italia-a-cabo-delgado-per-lanciare-progetti-di-economia-blu-a-pemba-10-15-novembre\/","title":{"rendered":"Miss\u00e3o do Sistema It\u00e1lia em Cabo Delgado lan\u00e7a Projetos de Economia Azul em Pemba (10-15 novembro)"},"content":{"rendered":"<p><strong>Pemba, 10 de novembro- <\/strong>Hoje teve lugar o lan\u00e7amento de dois projetos centrados na Economia Azul, durante o primeiro dia da miss\u00e3o do Sistema It\u00e1lia \u00e0 Prov\u00edncia de Cabo Delgado, que decorrer\u00e1 de 10 a 14 de novembro de 2025, sob a <strong>lideran\u00e7a do Embaixador de It\u00e1lia em Mo\u00e7ambique, Gabriele Annis<\/strong>. O evento teve \u00a0lugar nas instala\u00e7\u00f5es da Secretaria de Estado de Cabo Delgado.<\/p>\n<p>O primeiro projeto, financiado pelo Minist\u00e9rio dos Neg\u00f3cios Estrangeiros e da Coopera\u00e7\u00e3o Internacional (MAECI) Italiano atrav\u00e9s da Ag\u00eancia Italiana para a Coopera\u00e7\u00e3o para o Desenvolvimento (AICS) e intitulado \u201c<strong>Desenvolvimento Sustent\u00e1vel e Integrado dos Recursos Marinhos e Costeiros na Prov\u00edncia de Cabo Delgado \u2013 ECOBLU<\/strong>\u201d, disp\u00f5e de um or\u00e7amento total de 3,5 milh\u00f5es de euros e uma dura\u00e7\u00e3o de tr\u00eas anos. O objetivo \u00e9 promover o empoderamento econ\u00f3mico e social das comunidades costeiras atrav\u00e9s do desenvolvimento de meios de subsist\u00eancia alternativos e mais sustent\u00e1veis ligados \u00e0 economia azul, contribuindo para a melhoria da conserva\u00e7\u00e3o dos ecossistemas marinhos e costeiros em Mo\u00e7ambique.<\/p>\n<p>Segundo <strong>Paolo Enrico Sertoli, Director do Escrit\u00f3rio da AICS em Maputo<\/strong>, a iniciativa, implementada em parceria com o INAMAR, o Governo da Prov\u00edncia de Cabo Delgado e a ONG italiana Oikos, ir\u00e1 \u201c<em>refor\u00e7ar as institui\u00e7\u00f5es locais e nacionais para garantir uma governa\u00e7\u00e3o eficaz e uma gest\u00e3o sustent\u00e1vel dos recursos marinhos e costeiros, em conformidade com os padr\u00f5es internacionais e em linha com as recentes iniciativas de economia azul financiadas pela Coopera\u00e7\u00e3o Italiana em Mo\u00e7ambique<\/em>.\u201d<\/p>\n<p>O projeto baseia-se nos esfor\u00e7os anteriores da Coopera\u00e7\u00e3o Italiana na Prov\u00edncia de Cabo Delgado, centrados no apoio \u00e0s pessoas deslocadas internamente atrav\u00e9s de interven\u00e7\u00f5es nas \u00e1reas de \u00e1gua e saneamento (WASH), seguran\u00e7a alimentar, sa\u00fade e nutri\u00e7\u00e3o, bem como na promo\u00e7\u00e3o da cadeia de valor do caf\u00e9 \u2014 particularmente na Ilha do Ibo \u2014, onde a Coopera\u00e7\u00e3o Italiana apoiou a reabilita\u00e7\u00e3o e constru\u00e7\u00e3o de infraestruturas-chave, incluindo a nova sede do Parque Nacional das Quirimbas.<\/p>\n<p>A segunda iniciativa, intitulada \u201c<strong>Blu Ibo Niri Projeto: Melhorar os Meios de Subsist\u00eancia atrav\u00e9s da Conserva\u00e7\u00e3o Ambiental e do Desenvolvimento Econ\u00f3mico<\/strong>\u201d, \u00e9 financiada pela Eni Rovuma Basin, em nome dos Area 4 Partners. O projeto visa refor\u00e7ar a resili\u00eancia das comunidades e promover um crescimento sustent\u00e1vel, integrando a conserva\u00e7\u00e3o ambiental com o desenvolvimento econ\u00f3mico.<\/p>\n<p>De acordo com <strong>Marica Calabrese<\/strong>, Diretora-Geral da Eni Rovuma Basin em Mo\u00e7ambique, \u201c<em>Este projeto representa um passo concreto para promover a resili\u00eancia e o crescimento sustent\u00e1vel em Cabo Delgado. Ao combinar o desenvolvimento econ\u00f3mico com a conserva\u00e7\u00e3o ambiental, pretendemos criar oportunidades que empoderem as comunidades locais, preservando simultaneamente o patrim\u00f3nio natural da regi\u00e3o. Esta parceria com a AICS reflete o nosso compromisso com um progresso inclusivo e sustent\u00e1vel, alicer\u00e7ado na estabilidade a longo prazo<\/em>.\u201d<\/p>\n<p>O evento incluiu ainda a assinatura de dois Memorandos de Entendimento (MoU): um entre a AICS e o Governo da Prov\u00edncia de Cabo Delgado, representado por Iolanda Almeida, Diretora de Turismo e Cultura; e outro entre a Eni Rovuma Basin, em nome dos Area 4 Partners, e a Secretaria de Estado de Cabo Delgado, representada por Fernando Bemane de Sousa.<\/p>\n<p><strong>Gabriele Annis<\/strong>, Embaixador de It\u00e1lia em Mo\u00e7ambique, sobre o lan\u00e7amento dos projetos: \u201c <em>Esperamos com grande entusiasmo o lan\u00e7amento destes dois projetos, que contribuir\u00e3o para refor\u00e7ar a utiliza\u00e7\u00e3o sustent\u00e1vel dos oceanos e o empoderamento das comunidades costeiras. O lan\u00e7amento teve lugar no primeiro dia da miss\u00e3o do Sistema It\u00e1lia a Cabo Delgado, com a participa\u00e7\u00e3o da Ag\u00eancia Italiana para o Com\u00e9rcio Exterior (ICE), da C\u00e2mara de Com\u00e9rcio It\u00e1lia\u2013Mo\u00e7ambique, da AICS e da ENI, reafirmando o forte compromisso de It\u00e1lia com o desenvolvimento sustent\u00e1vel da prov\u00edncia<\/em>.\u201d<\/p>\n","protected":false},"excerpt":{"rendered":"Pemba, 10 de novembro- Hoje teve lugar o lan\u00e7amento de dois projetos centrados na Economia Azul, durante o primeiro dia da miss\u00e3o do Sistema It\u00e1lia \u00e0 Prov\u00edncia de Cabo Delgado, que decorrer\u00e1 de 10 a 14 de novembro de 2025, sob a lideran\u00e7a do Embaixador de It\u00e1lia em Mo\u00e7ambique, Gabriele Annis. O evento teve \u00a0lugar [&hellip;]","protected":false},"author":6,"featured_media":0,"comment_status":"closed","ping_status":"closed","sticky":false,"template":"","format":"standard","meta":{"footnotes":""},"tags":[],"class_list":["post-10841","post","type-post","status-publish","format-standard","hentry"],"_links":{"self":[{"href":"https:\/\/ambmaputo.esteri.it\/pt-pt\/wp-json\/wp\/v2\/posts\/10841","targetHints":{"allow":["GET"]}}],"collection":[{"href":"https:\/\/ambmaputo.esteri.it\/pt-pt\/wp-json\/wp\/v2\/posts"}],"about":[{"href":"https:\/\/ambmaputo.esteri.it\/pt-pt\/wp-json\/wp\/v2\/types\/post"}],"author":[{"embeddable":true,"href":"https:\/\/ambmaputo.esteri.it\/pt-pt\/wp-json\/wp\/v2\/users\/6"}],"replies":[{"embeddable":true,"href":"https:\/\/ambmaputo.esteri.it\/pt-pt\/wp-json\/wp\/v2\/comments?post=10841"}],"version-history":[{"count":2,"href":"https:\/\/ambmaputo.esteri.it\/pt-pt\/wp-json\/wp\/v2\/posts\/10841\/revisions"}],"predecessor-version":[{"id":10855,"href":"https:\/\/ambmaputo.esteri.it\/pt-pt\/wp-json\/wp\/v2\/posts\/10841\/revisions\/10855"}],"wp:attachment":[{"href":"https:\/\/ambmaputo.esteri.it\/pt-pt\/wp-json\/wp\/v2\/media?parent=10841"}],"wp:term":[{"taxonomy":"post_tag","embeddable":true,"href":"https:\/\/ambmaputo.esteri.it\/pt-pt\/wp-json\/wp\/v2\/tags?post=10841"}],"curies":[{"name":"wp","href":"https:\/\/api.w.org\/{rel}","templated":true}]}}