{"id":11090,"date":"2025-12-23T12:44:58","date_gmt":"2025-12-23T10:44:58","guid":{"rendered":"https:\/\/ambmaputo.esteri.it\/?p=11090"},"modified":"2025-12-23T12:44:58","modified_gmt":"2025-12-23T10:44:58","slug":"manifestacao-de-interesse-para-prestacao-de-servicos-de-fiscalizacao-de-obras-programa-regenera-aid-11649","status":"publish","type":"post","link":"https:\/\/ambmaputo.esteri.it\/it\/news\/dall_ambasciata\/2025\/12\/manifestacao-de-interesse-para-prestacao-de-servicos-de-fiscalizacao-de-obras-programa-regenera-aid-11649\/","title":{"rendered":"Manifesta\u00e7\u00e3o de interesse, para presta\u00e7\u00e3o de servi\u00e7os de fiscaliza\u00e7\u00e3o de obras &#8211; Programa REGENERA &#8211; AID 11649"},"content":{"rendered":"<p>A Rep\u00fablica de Mo\u00e7ambique recebeu da Rep\u00fablica de It\u00e1lia, um donativo para o financiamento da iniciativa de coopera\u00e7\u00e3o \u201cPrograma REGENERA \u2014 Requalifica\u00e7\u00e3o Integrada do Bairro de Chamanculo \u201cC\u201d \u2014 ATD 11649. Para o efeito, o Minist\u00e9rio das Obras P\u00fablicas, Habita\u00e7\u00e3o e Recursos H\u00eddricos atrav\u00e9s da Direc\u00e7\u00e3o Nacional de Abastecimento de \u00c1gua e Saneamento, <strong>convida<\/strong> as empresas eleg\u00edveis, ou agrupamento delas, a <strong>apresentarem<\/strong> a sua <a href=\"https:\/\/ambmaputo.esteri.it\/wp-content\/uploads\/2025\/12\/Anuncio_Fiscalizacao_v2.pdf\">manifesta\u00e7\u00e3o de interesse<\/a> (candidatura).<\/p>\n<p><a href=\"https:\/\/ambmaputo.esteri.it\/wp-content\/uploads\/2025\/12\/TdR_Extrato-e-Formulario.pdf\"><strong>Termos de referencia e\u00a0Formul\u00e1rio<\/strong><\/a><\/p>\n<p>&nbsp;<\/p>\n<table width=\"107%\">\n<tbody>\n<tr>\n<td width=\"15%\"><strong>PROJECTO<\/strong><\/td>\n<td width=\"84%\">PROGRAMA REGENERA \u2013 REQUALIFICA\u00c7\u00c3O INTEGRADA DO BAIRRO DE CHAMANCULO \u201cC\u201d \u2013 AID 11649<\/td>\n<\/tr>\n<tr>\n<td width=\"15%\"><strong>N\u00ba DO CONCURSO<\/strong><\/td>\n<td width=\"84%\">CR47A000141SBQP0012.2025<\/td>\n<\/tr>\n<tr>\n<td width=\"15%\"><strong>DESIGNA\u00c7\u00c3O DO CONCURSO<\/strong><\/td>\n<td width=\"84%\">MANIFESTA\u00c7\u00c3O DE INTERESSE N\u00ba CR47A000141\/SBQP\/12\/2025 PARA SERVI\u00c7OS DE FISCALIZA\u00c7\u00c3O DAS OBRAS DE CONSTRU\u00c7\u00c3O DO SISTEMA DE DRENAGEM DAS \u00c1GUAS PLUVIAIS DO BAIRRO DE CHAMANCULO \u201cC\u201d NA CIDADE DE MAPUTO E APOIO AO REORDENAMENTO URBAN\u00cdSTICO DAS COMUNIDADES AFECTADAS PELA REALIZA\u00c7\u00c3O DAS OBRAS<\/td>\n<\/tr>\n<tr>\n<td width=\"15%\"><strong>ENTREGA DAS PROPOSTAS<\/strong><\/td>\n<td width=\"84%\">A candidatura dever\u00e1 ser apresentada, em l\u00edngua <strong>portuguesa<\/strong>, at\u00e9 \u00e0s <strong>10:00 horas do dia 20 de Janeiro<\/strong>, juntamente com a <strong>documenta\u00e7\u00e3o<\/strong> necess\u00e1ria, no endere\u00e7o abaixo indicado:<\/p>\n<p>MINIST\u00c9RIO DAS OBRAS P\u00daBLICAS, HABITA\u00c7\u00c3O E RECURSOS H\u00cdDRICOS<br \/>\nDEPARTAMENTO DE AQUISI\u00c7\u00d5ES<br \/>\nAv. Karl Marx N\u00ba 606, R\u00e9s-do-Ch\u00e3o<br \/>\nCidade de Maputo<br \/>\nMo\u00e7ambique<\/td>\n<\/tr>\n<tr>\n<td width=\"15%\"><strong>TEXTO<\/strong><\/td>\n<td width=\"84%\">A Rep\u00fablica de Mo\u00e7ambique recebeu da Rep\u00fablica de It\u00e1lia, um donativo para o financiamento da iniciativa de coopera\u00e7\u00e3o \u201cPrograma REGENERA \u2013 Requalifica\u00e7\u00e3o Integrada do Bairro de Chamanculo \u201cC\u201d \u2013 AID 11649. Para o efeito, o Minist\u00e9rio das Obras P\u00fablicas, Habita\u00e7\u00e3o e Recursos H\u00eddricos atrav\u00e9s da Direc\u00e7\u00e3o Nacional de Abastecimento de \u00c1gua e Saneamento, convida as empresas eleg\u00edveis, ou agrupamento delas, a apresentarem a sua manifesta\u00e7\u00e3o de interesse (candidatura).<\/td>\n<\/tr>\n<tr>\n<td width=\"15%\"><strong>LINK UFSA<\/strong><\/td>\n<td width=\"84%\"><a href=\"https:\/\/www.ufsa.gov.mz\/concurso_detalhes.php?referencia=CR47A000141SBQP0012.2025\">https:\/\/www.ufsa.gov.mz\/concurso_detalhes.php?referencia=CR47A000141SBQP0012.2025<\/a><\/td>\n<\/tr>\n<\/tbody>\n<\/table>\n<p>&nbsp;<\/p>\n","protected":false},"excerpt":{"rendered":"A Rep\u00fablica de Mo\u00e7ambique recebeu da Rep\u00fablica de It\u00e1lia, um donativo para o financiamento da iniciativa de coopera\u00e7\u00e3o \u201cPrograma REGENERA \u2014 Requalifica\u00e7\u00e3o Integrada do Bairro de Chamanculo \u201cC\u201d \u2014 ATD 11649. Para o efeito, o Minist\u00e9rio das Obras P\u00fablicas, Habita\u00e7\u00e3o e Recursos H\u00eddricos atrav\u00e9s da Direc\u00e7\u00e3o Nacional de Abastecimento de \u00c1gua e Saneamento, convida as [&hellip;]","protected":false},"author":11,"featured_media":0,"comment_status":"closed","ping_status":"closed","sticky":false,"template":"","format":"standard","meta":{"footnotes":""},"tags":[],"class_list":["post-11090","post","type-post","status-publish","format-standard","hentry"],"_links":{"self":[{"href":"https:\/\/ambmaputo.esteri.it\/it\/wp-json\/wp\/v2\/posts\/11090","targetHints":{"allow":["GET"]}}],"collection":[{"href":"https:\/\/ambmaputo.esteri.it\/it\/wp-json\/wp\/v2\/posts"}],"about":[{"href":"https:\/\/ambmaputo.esteri.it\/it\/wp-json\/wp\/v2\/types\/post"}],"author":[{"embeddable":true,"href":"https:\/\/ambmaputo.esteri.it\/it\/wp-json\/wp\/v2\/users\/11"}],"replies":[{"embeddable":true,"href":"https:\/\/ambmaputo.esteri.it\/it\/wp-json\/wp\/v2\/comments?post=11090"}],"version-history":[{"count":2,"href":"https:\/\/ambmaputo.esteri.it\/it\/wp-json\/wp\/v2\/posts\/11090\/revisions"}],"predecessor-version":[{"id":11098,"href":"https:\/\/ambmaputo.esteri.it\/it\/wp-json\/wp\/v2\/posts\/11090\/revisions\/11098"}],"wp:attachment":[{"href":"https:\/\/ambmaputo.esteri.it\/it\/wp-json\/wp\/v2\/media?parent=11090"}],"wp:term":[{"taxonomy":"post_tag","embeddable":true,"href":"https:\/\/ambmaputo.esteri.it\/it\/wp-json\/wp\/v2\/tags?post=11090"}],"curies":[{"name":"wp","href":"https:\/\/api.w.org\/{rel}","templated":true}]}}