{"id":11065,"date":"2025-12-15T18:12:18","date_gmt":"2025-12-15T16:12:18","guid":{"rendered":"https:\/\/ambmaputo.esteri.it\/?p=11065"},"modified":"2025-12-15T18:12:18","modified_gmt":"2025-12-15T16:12:18","slug":"conferenza-sul-ruolo-dei-giovani-nella-transizione-energetica-i-act-2025-italy-irena-action-for-climate-toolkit-18-19-dicembre","status":"publish","type":"post","link":"https:\/\/ambmaputo.esteri.it\/it\/news\/dall_ambasciata\/2025\/12\/conferenza-sul-ruolo-dei-giovani-nella-transizione-energetica-i-act-2025-italy-irena-action-for-climate-toolkit-18-19-dicembre\/","title":{"rendered":"Conferenza sul ruolo dei giovani nella transizione energetica: I ACT 2025 &#8211; Italy\u2013IRENA Action for Climate Toolkit (18-19 dicembre)"},"content":{"rendered":"<p data-start=\"93\" data-end=\"358\">L\u2019iniziativa <strong data-start=\"106\" data-end=\"156\">I ACT &#8211; Italy\u2013IRENA Action for Climate Toolkit, <\/strong>promossa dall\u2019Agenzia Internazionale per le Energie Rinnovabili (IRENA) e dal Ministero degli Affari Esteri e della Cooperazione italiano\u00a0nasce con l\u2019obiettivo di creare un momento di formazione rivolto alle ragazze e ai ragazzi\u00a0 sui temi del clima e dell&#8217;energia.<\/p>\n<p data-start=\"93\" data-end=\"358\">Il 18 e 19 dicembre l&#8217;iniziativa arriver\u00e0 a Maputo, dove si terr\u00e0 una conferenza a Maputo\u00a0l\u2019<strong data-start=\"1083\" data-end=\"1114\">Incubatore di Standard Bank<\/strong>, in <strong data-start=\"1119\" data-end=\"1177\">Rua dos Desportistas n. 119, 1\u00b0 piano, a partire dalle ore 8.30.<\/strong><\/p>\n<p data-start=\"93\" data-end=\"358\">Il programma dei lavori prevede sessioni di formazione ed interventi di esperti del settore, che affronteranno le principali questioni legate alla transizione energetica e alle sue sfide. L&#8217;evento \u00e8 aperto a tutte e tutti, ed \u00e8 particolarmente rivolto a coloro che desiderano approfondire la conoscenza ed esplorare nuove opportunit\u00e0 nei settori delle energie rinnovabili e del clima.<\/p>\n<p data-start=\"993\" data-end=\"1178\" data-is-last-node=\"\" data-is-only-node=\"\">Per maggiori informazioni sul programma e per registrarsi e partecipare:<\/p>\n<p data-start=\"993\" data-end=\"1178\" data-is-last-node=\"\" data-is-only-node=\"\">https:\/\/shre.ink\/tptem<\/p>\n<p data-start=\"993\" data-end=\"1178\" data-is-last-node=\"\" data-is-only-node=\"\">\n","protected":false},"excerpt":{"rendered":"L\u2019iniziativa I ACT &#8211; Italy\u2013IRENA Action for Climate Toolkit, promossa dall\u2019Agenzia Internazionale per le Energie Rinnovabili (IRENA) e dal Ministero degli Affari Esteri e della Cooperazione italiano\u00a0nasce con l\u2019obiettivo di creare un momento di formazione rivolto alle ragazze e ai ragazzi\u00a0 sui temi del clima e dell&#8217;energia. Il 18 e 19 dicembre l&#8217;iniziativa arriver\u00e0 a [&hellip;]","protected":false},"author":6,"featured_media":11067,"comment_status":"closed","ping_status":"closed","sticky":false,"template":"","format":"standard","meta":{"footnotes":""},"tags":[],"class_list":["post-11065","post","type-post","status-publish","format-standard","has-post-thumbnail","hentry"],"_links":{"self":[{"href":"https:\/\/ambmaputo.esteri.it\/it\/wp-json\/wp\/v2\/posts\/11065","targetHints":{"allow":["GET"]}}],"collection":[{"href":"https:\/\/ambmaputo.esteri.it\/it\/wp-json\/wp\/v2\/posts"}],"about":[{"href":"https:\/\/ambmaputo.esteri.it\/it\/wp-json\/wp\/v2\/types\/post"}],"author":[{"embeddable":true,"href":"https:\/\/ambmaputo.esteri.it\/it\/wp-json\/wp\/v2\/users\/6"}],"replies":[{"embeddable":true,"href":"https:\/\/ambmaputo.esteri.it\/it\/wp-json\/wp\/v2\/comments?post=11065"}],"version-history":[{"count":2,"href":"https:\/\/ambmaputo.esteri.it\/it\/wp-json\/wp\/v2\/posts\/11065\/revisions"}],"predecessor-version":[{"id":11070,"href":"https:\/\/ambmaputo.esteri.it\/it\/wp-json\/wp\/v2\/posts\/11065\/revisions\/11070"}],"wp:featuredmedia":[{"embeddable":true,"href":"https:\/\/ambmaputo.esteri.it\/it\/wp-json\/wp\/v2\/media\/11067"}],"wp:attachment":[{"href":"https:\/\/ambmaputo.esteri.it\/it\/wp-json\/wp\/v2\/media?parent=11065"}],"wp:term":[{"taxonomy":"post_tag","embeddable":true,"href":"https:\/\/ambmaputo.esteri.it\/it\/wp-json\/wp\/v2\/tags?post=11065"}],"curies":[{"name":"wp","href":"https:\/\/api.w.org\/{rel}","templated":true}]}}